{"id":1615,"date":"2015-02-26T17:08:54","date_gmt":"2015-02-26T17:08:54","guid":{"rendered":"http:\/\/www.noleggioauto.it\/informaviaggi\/?p=1615"},"modified":"2015-07-03T08:02:56","modified_gmt":"2015-07-03T08:02:56","slug":"mont-saint-michel-torna-ad-essere-unisola","status":"publish","type":"post","link":"https:\/\/www.noleggioauto.it\/informaviaggi\/mont-saint-michel-torna-ad-essere-unisola\/","title":{"rendered":"Mont Saint-Michel torna ad essere un&#8217;isola"},"content":{"rendered":"<p><a href=\"https:\/\/www.noleggioauto.it\/informaviaggi\/wp-content\/uploads\/2015\/02\/Mont-Saint-Michel-France-hd-image-Photo.jpg\" target=\"_blank\" rel=\"nofollow\"><img decoding=\"async\" class=\"aligncenter size-full wp-image-1616 lazyload\" data-src=\"https:\/\/www.noleggioauto.it\/informaviaggi\/wp-content\/uploads\/2015\/02\/Mont-Saint-Michel-France-hd-image-Photo.jpg\" alt=\"Mont-Saint-Michel-France-hd-image-Photo\" width=\"2560\" height=\"1440\" src=\"data:image\/svg+xml;base64,PHN2ZyB3aWR0aD0iMSIgaGVpZ2h0PSIxIiB4bWxucz0iaHR0cDovL3d3dy53My5vcmcvMjAwMC9zdmciPjwvc3ZnPg==\" style=\"--smush-placeholder-width: 2560px; --smush-placeholder-aspect-ratio: 2560\/1440;\" \/><\/a><\/p>\n<p>Mont Saint-Michel \u00e8 tornata ad essere un&#8217;isola. Ovvero lo scorso weekend, seppure per sporadici momenti di tempo, l&#8217;acqua ha completamente circondato il bel borgo francese come non accadeva dal 1879. I motivi di questo ritorno alla vita dell&#8217;acqua sono da ricercarsi nei lavori di\u00a0&#8220;restituzione del carattere marittimo&#8221; al Mont di Saint-Michel, avviati nella seconda met\u00e0 del decennio scorso hanno finalmente\u00a0dato il suo frutto concreto, con la prima grande marea del 2015.<\/p>\n<p>Se ve lo siete perso, non disperate, anzi: \u00e8 accaduto lo scorso weekend, accadr\u00e0, in maniera ancora pi\u00f9 evidente, tra il 21 e il 22 marzo prossimo, per quella che si preannuncia essere la &#8220;marea del secolo&#8221;. Le tabelle di marea parlano di un coefficiente 119, con un picco massimo appena inferiore, 14,45 metri, il 22 mattina, ma con ben altri 4 picchi sopra i 14 metri tra la mattina del 21 e quella del 23. Una situazione eccezionale favorita dal particolare allineamento degli astri. Le particolari condizioni lunari dovrebbero creare una marea eccezionale,\u00a0tanto da creare fenomeni naturali possenti, forse addirittura\u00a0pericolosi, se \u00e8 vero che l&#8217;ascesa delle acque\u00a0potrebbe risultare tanto rapida da essere pi\u00f9 veloce di un uomo medio. Infatti gli\u00a0inviti alla prudenza e all&#8217;osservanza delle regole e delle indicazioni si sprecano gi\u00e0 adesso, ma che dire? Se volete godervi uno spettacolo naturale affrettatevi ad organizzarvi, che il 20 marzo \u00e8 vicino!<\/p>\n","protected":false},"excerpt":{"rendered":"<p>Mont Saint-Michel \u00e8 tornata ad essere un&#8217;isola. Ovvero lo scorso weekend, seppure per sporadici momenti di tempo, l&#8217;acqua ha completamente circondato il bel borgo&#8230;<\/p>\n","protected":false},"author":1,"featured_media":0,"comment_status":"open","ping_status":"open","sticky":false,"template":"","format":"standard","meta":{"advanced_seo_description":"","jetpack_seo_html_title":"","jetpack_seo_noindex":false,"_jetpack_memberships_contains_paid_content":false,"footnotes":""},"categories":[4],"tags":[231],"class_list":["post-1615","post","type-post","status-publish","format-standard","hentry","category-viaggi-in-auto","tag-mont-saint-michel","post-item","post-even"],"jetpack_featured_media_url":"","jetpack_sharing_enabled":true,"_links":{"self":[{"href":"https:\/\/www.noleggioauto.it\/informaviaggi\/wp-json\/wp\/v2\/posts\/1615","targetHints":{"allow":["GET"]}}],"collection":[{"href":"https:\/\/www.noleggioauto.it\/informaviaggi\/wp-json\/wp\/v2\/posts"}],"about":[{"href":"https:\/\/www.noleggioauto.it\/informaviaggi\/wp-json\/wp\/v2\/types\/post"}],"author":[{"embeddable":true,"href":"https:\/\/www.noleggioauto.it\/informaviaggi\/wp-json\/wp\/v2\/users\/1"}],"replies":[{"embeddable":true,"href":"https:\/\/www.noleggioauto.it\/informaviaggi\/wp-json\/wp\/v2\/comments?post=1615"}],"version-history":[{"count":1,"href":"https:\/\/www.noleggioauto.it\/informaviaggi\/wp-json\/wp\/v2\/posts\/1615\/revisions"}],"predecessor-version":[{"id":1617,"href":"https:\/\/www.noleggioauto.it\/informaviaggi\/wp-json\/wp\/v2\/posts\/1615\/revisions\/1617"}],"wp:attachment":[{"href":"https:\/\/www.noleggioauto.it\/informaviaggi\/wp-json\/wp\/v2\/media?parent=1615"}],"wp:term":[{"taxonomy":"category","embeddable":true,"href":"https:\/\/www.noleggioauto.it\/informaviaggi\/wp-json\/wp\/v2\/categories?post=1615"},{"taxonomy":"post_tag","embeddable":true,"href":"https:\/\/www.noleggioauto.it\/informaviaggi\/wp-json\/wp\/v2\/tags?post=1615"}],"curies":[{"name":"wp","href":"https:\/\/api.w.org\/{rel}","templated":true}]}}