{"id":1813,"date":"2015-04-22T10:21:01","date_gmt":"2015-04-22T10:21:01","guid":{"rendered":"http:\/\/www.noleggioauto.it\/informaviaggi\/?p=1813"},"modified":"2015-07-03T08:01:55","modified_gmt":"2015-07-03T08:01:55","slug":"dati-preoccupanti-per-expo2015","status":"publish","type":"post","link":"https:\/\/www.noleggioauto.it\/informaviaggi\/dati-preoccupanti-per-expo2015\/","title":{"rendered":"Dati preoccupanti per Expo2015"},"content":{"rendered":"<p>L&#8217;<a href=\"https:\/\/www.noleggioauto.it\/expo-2015\/\" target=\"_blank\" rel=\"nofollow\"><strong>Expo2015<\/strong><\/a> \u00e8 ormai alle porte, mancando infatti meno di due settimane all&#8217;inaugurazione dell&#8217;evento che vedr\u00e0 avvicendarsi milioni di visitatori da tutto il mondo nella <strong>pi\u00f9 grande fiera della storia incentrata sulle tradizioni e innovazioni in campo nutrizionale<\/strong>. E anche se attualmente a rimbalzare sui media sono soprattutto le notizie inerenti ai ritardi sui lavori, ben pi\u00f9 preoccupanti sono le stime di affluenza all&#8217;evento, soprattutto <strong>in un&#8217;ottica di rilancio del turismo<\/strong> in un paese che, tra crisi e negligenza, non riesce a sfruttare la quantit\u00e0 smisurata di bellezze naturalistiche, artistiche e culturali che vi si concentrano.<\/p>\n<p><a href=\"https:\/\/www.noleggioauto.it\/informaviaggi\/wp-content\/uploads\/2015\/04\/expo-milano-201500.jpg\" target=\"_blank\" rel=\"nofollow\"><img decoding=\"async\" class=\"alignleft  wp-image-1819 lazyload\" data-src=\"https:\/\/www.noleggioauto.it\/informaviaggi\/wp-content\/uploads\/2015\/04\/expo-milano-201500.jpg\" alt=\"expo-milano-201500\" width=\"201\" height=\"221\" src=\"data:image\/svg+xml;base64,PHN2ZyB3aWR0aD0iMSIgaGVpZ2h0PSIxIiB4bWxucz0iaHR0cDovL3d3dy53My5vcmcvMjAwMC9zdmciPjwvc3ZnPg==\" style=\"--smush-placeholder-width: 201px; --smush-placeholder-aspect-ratio: 201\/221;\" \/><\/a>Secondo gli ultimi dati forniti dagli analisti di <strong>NoleggioAuto.it<\/strong>,<strong> l&#8217;affluenza al pi\u00f9 grande evento mondiale del 2015 \u00e8 risultato essere di gran lunga sotto le aspettative<\/strong>, soprattutto per quanto riguarda i visitatori dall&#8217;estero. In particolare si registra una bassa affluenza dai paesi orientali, forse frutto di una inadeguata sposorizzazione dell&#8217;evento, troppo poco appetibile anche per chi, come la popolazione cinese, \u00e8 al primo posto in quanto a spese per viaggi all&#8217;estero. Inoltre, come sottolinea il <strong>TouringClub<\/strong>, un terzo delle prenotazioni per Expo provengono dalla Germania.<\/p>\n<p><strong>Daniele Cavalieri<\/strong>,<strong> PR Manager <\/strong>di<strong> NoleggioAuto.it<\/strong>, aggiunge &#8220;<em>I noleggi relativi ad Expo2015 sono del 70% inferiori rispetto alle aspettative, ma il trend \u00e8 in crescita e contiamo di recuperare nei prossimi mesi&#8221;.<\/em><\/p>\n<p><strong>Cosa manca dunque a questo evento per divenire un successo in Italia e all&#8217;estero?<\/strong><\/p>\n<p>Forse non si \u00e8 studiato un piano di marketing funzionale e mirato ai singoli paesi, o addirittura alle singole regioni. Sembra infatti che il 50% dell&#8217;affluenza provenga dalle regioni del Centro-Nord e solo per il 20% dalle regioni del Sud-Italia. C&#8217;\u00e8 ancora molto da lavorare, l&#8217;Expo2015 deve ancora iniziare e durer\u00e0 a lungo. Molto pu\u00f2 ancora essere fatto per invogliare milioni di persone di tutto il mondo a visitare questo straordinario evento che l&#8217;Italia ha l&#8217;onore di ospitare.<\/p>\n","protected":false},"excerpt":{"rendered":"<p>L&#8217;Expo2015 \u00e8 ormai alle porte, mancando infatti meno di due settimane all&#8217;inaugurazione dell&#8217;evento che vedr\u00e0 avvicendarsi milioni di visitatori da tutto il mondo nella&#8230;<\/p>\n","protected":false},"author":1,"featured_media":1818,"comment_status":"open","ping_status":"open","sticky":false,"template":"","format":"standard","meta":{"advanced_seo_description":"","jetpack_seo_html_title":"","jetpack_seo_noindex":false,"_jetpack_memberships_contains_paid_content":false,"footnotes":""},"categories":[11],"tags":[271,267,266,269,268,61,270],"class_list":["post-1813","post","type-post","status-publish","format-standard","has-post-thumbnail","hentry","category-eventi-nel-mondo","tag-affluenza","tag-expo","tag-expo2015","tag-fiera","tag-milano","tag-noleggio","tag-statistiche-2","post-item","post-even"],"jetpack_featured_media_url":"https:\/\/informaviaggi.noleggioauto.it\/wp-content\/uploads\/2015\/04\/download-1.jpg","jetpack_sharing_enabled":true,"_links":{"self":[{"href":"https:\/\/www.noleggioauto.it\/informaviaggi\/wp-json\/wp\/v2\/posts\/1813","targetHints":{"allow":["GET"]}}],"collection":[{"href":"https:\/\/www.noleggioauto.it\/informaviaggi\/wp-json\/wp\/v2\/posts"}],"about":[{"href":"https:\/\/www.noleggioauto.it\/informaviaggi\/wp-json\/wp\/v2\/types\/post"}],"author":[{"embeddable":true,"href":"https:\/\/www.noleggioauto.it\/informaviaggi\/wp-json\/wp\/v2\/users\/1"}],"replies":[{"embeddable":true,"href":"https:\/\/www.noleggioauto.it\/informaviaggi\/wp-json\/wp\/v2\/comments?post=1813"}],"version-history":[{"count":6,"href":"https:\/\/www.noleggioauto.it\/informaviaggi\/wp-json\/wp\/v2\/posts\/1813\/revisions"}],"predecessor-version":[{"id":1925,"href":"https:\/\/www.noleggioauto.it\/informaviaggi\/wp-json\/wp\/v2\/posts\/1813\/revisions\/1925"}],"wp:featuredmedia":[{"embeddable":true,"href":"https:\/\/www.noleggioauto.it\/informaviaggi\/wp-json\/wp\/v2\/media\/1818"}],"wp:attachment":[{"href":"https:\/\/www.noleggioauto.it\/informaviaggi\/wp-json\/wp\/v2\/media?parent=1813"}],"wp:term":[{"taxonomy":"category","embeddable":true,"href":"https:\/\/www.noleggioauto.it\/informaviaggi\/wp-json\/wp\/v2\/categories?post=1813"},{"taxonomy":"post_tag","embeddable":true,"href":"https:\/\/www.noleggioauto.it\/informaviaggi\/wp-json\/wp\/v2\/tags?post=1813"}],"curies":[{"name":"wp","href":"https:\/\/api.w.org\/{rel}","templated":true}]}}