{"id":2795,"date":"2015-10-02T10:50:26","date_gmt":"2015-10-02T10:50:26","guid":{"rendered":"http:\/\/www.noleggioauto.it\/informaviaggi\/?p=2795"},"modified":"2020-03-13T09:24:11","modified_gmt":"2020-03-13T08:24:11","slug":"eventi-nel-mondo-ottobre","status":"publish","type":"post","link":"https:\/\/www.noleggioauto.it\/informaviaggi\/eventi-nel-mondo-ottobre\/","title":{"rendered":"Eventi nel mondo da non perdere nel mese di ottobre"},"content":{"rendered":"<p>Se vi stavate chiedendo cosa succede in giro per il mondo durante il mese di ottobre 2015, ecco qui una carrellata di alcuni degli eventi pi\u00f9 importanti. Una piccola anticipazione: ci saranno tartufi, feste esagerate, buon cibo, buon vino, tantissima musica, un po&#8217; di spiritualit\u00e0 e motori che ruggiscono!<\/p>\n<h2>Fiera internazionale del tartufo, Italia<\/h2>\n<p><a href=\"https:\/\/www.noleggioauto.it\/informaviaggi\/wp-content\/uploads\/2015\/10\/Black_Truffles_-_Fiera_del_Tartufo_-_Alba_-_Province_of_Cuneo_Italy_-_21_Nov._2010.jpg\" target=\"_blank\" rel=\"nofollow\"><img decoding=\"async\" class=\"aligncenter size-full wp-image-2796 lazyload\" data-src=\"https:\/\/www.noleggioauto.it\/informaviaggi\/wp-content\/uploads\/2015\/10\/Black_Truffles_-_Fiera_del_Tartufo_-_Alba_-_Province_of_Cuneo_Italy_-_21_Nov._2010.jpg\" alt=\"ottobre 2015\" width=\"640\" height=\"415\" src=\"data:image\/svg+xml;base64,PHN2ZyB3aWR0aD0iMSIgaGVpZ2h0PSIxIiB4bWxucz0iaHR0cDovL3d3dy53My5vcmcvMjAwMC9zdmciPjwvc3ZnPg==\" style=\"--smush-placeholder-width: 640px; --smush-placeholder-aspect-ratio: 640\/415;\" \/><\/a><\/p>\n<p>Importantissima <em>kermesse<\/em> organizzata nella piccola citt\u00e0 di <strong><a href=\"https:\/\/www.noleggioauto.it\/cuneo\/\" target=\"_blank\" rel=\"noopener noreferrer nofollow\">Alba (CN)<\/a><\/strong>, la <strong>Fiera del Tartufo<\/strong> attira visitatori da tutto il mondo, per conoscere i sapori intensi e gli aromi raffinatissimi di questo particolare e raro fungo che cresce nelle aree boschive della nostra penisola, e che in particolare proprio in Piemonte ha una tradizione molto rinomata e fiorente. Il festival ha inizio il secondo fine settimana di ottobre (10-11 ottobre) e prosegue per tutti i <em>weekend <\/em>fino a quello del 14-15 novembre.<\/p>\n<h2>Columbus Day, Nord &amp; Sud America<\/h2>\n<p><a href=\"https:\/\/www.noleggioauto.it\/informaviaggi\/wp-content\/uploads\/2015\/10\/750px-Columbus_Day_Italian_Heritage_Parade_in_SF_North_Beach_2011_02.jpg\" target=\"_blank\" rel=\"nofollow\"><img decoding=\"async\" class=\"aligncenter wp-image-2797 lazyload\" data-src=\"https:\/\/www.noleggioauto.it\/informaviaggi\/wp-content\/uploads\/2015\/10\/750px-Columbus_Day_Italian_Heritage_Parade_in_SF_North_Beach_2011_02.jpg\" alt=\"ottobre 2015\" width=\"640\" height=\"512\" src=\"data:image\/svg+xml;base64,PHN2ZyB3aWR0aD0iMSIgaGVpZ2h0PSIxIiB4bWxucz0iaHR0cDovL3d3dy53My5vcmcvMjAwMC9zdmciPjwvc3ZnPg==\" style=\"--smush-placeholder-width: 640px; --smush-placeholder-aspect-ratio: 640\/512;\" \/><\/a><\/p>\n<p>Il Giorno di Colombo \u00e8 una festa celebrata in molti paesi delle Americhe, per commemorare lo sbarco di Cristoforo Colombo nel Nuovo Mondo, il <strong>12 ottobre 1492<\/strong>. A seconda della nazione, la festa pu\u00f2 prendere nomi e forme diverse: <em>D\u00eda de las Culturas<\/em> (<strong><a href=\"https:\/\/www.noleggioauto.it\/costa-rica\/\" target=\"_blank\" rel=\"noopener noreferrer nofollow\">Costa Rica<\/a><\/strong>), <em>Discovery Day <\/em>(Bahamas), <i>D\u00eda de la Hispanidad<\/i> (<strong><a href=\"https:\/\/www.noleggioauto.it\/spagna\/\" target=\"_blank\" rel=\"noopener noreferrer nofollow\">Spagna<\/a><\/strong>, unico paese al di fuori delle Americhe in cui si festeggia), <i>D\u00eda de la Resistencia Ind\u00edgena<\/i> (Venezuela). In Italia, la <i>Giornata Nazionale di Cristoforo Colombo<\/i> \u00e8 considerata &#8220;giornata celebrativa&#8221; ma non \u00e8 una festivit\u00e0, e pochi ne sono a conoscenza. Negli <strong><a href=\"https:\/\/www.noleggioauto.it\/usa\/\" target=\"_blank\" rel=\"noopener noreferrer nofollow\">USA<\/a><\/strong>, invece, il\u00a0<em>Columbus Day<\/em>, in particolare nella comunit\u00e0 italoamericana, \u00e8 una festivit\u00e0 importante, durante la quale gli uffici (anche quelli diplomatici) chiudono.<\/p>\n<h2>Navratri, India<\/h2>\n<p><a href=\"https:\/\/www.noleggioauto.it\/informaviaggi\/wp-content\/uploads\/2015\/10\/1200px-UWoB2011.jpg\" target=\"_blank\" rel=\"nofollow\"><img decoding=\"async\" class=\"aligncenter wp-image-2798 lazyload\" data-src=\"https:\/\/www.noleggioauto.it\/informaviaggi\/wp-content\/uploads\/2015\/10\/1200px-UWoB2011.jpg\" alt=\"ottobre 2015\" width=\"1000\" height=\"244\" src=\"data:image\/svg+xml;base64,PHN2ZyB3aWR0aD0iMSIgaGVpZ2h0PSIxIiB4bWxucz0iaHR0cDovL3d3dy53My5vcmcvMjAwMC9zdmciPjwvc3ZnPg==\" style=\"--smush-placeholder-width: 1000px; --smush-placeholder-aspect-ratio: 1000\/244;\" \/><\/a><\/p>\n<p><em>Navratri <\/em>\u00e8 diventato il termine comune per definire lo <em>Sharad Navaratri<\/em>, la festivit\u00e0 autunnale dedicate a Durga, la divinit\u00e0 hindu della femminilit\u00e0. Delle quattro festivit\u00e0 del <em>Navratri<\/em>, quella autunnale \u00e8 la pi\u00f9 sentita. <em>Navaratri <\/em>significa &#8220;nove notti&#8221;, corrispondente alla durata dei festeggiamenti che hanno luogo in tutto il subcontinente indiano. Ogni notte \u00e8 dedicata a una diversa incarnazione di Durga, ciascuna con le proprie caratteristiche e la propria storia. Ogni notte le donne indossano una veste di colore diverso; e ogni stato indiano ha il proprio modo di festeggiare questa ricorrenza. In particolare, nel <strong>Gujarat<\/strong> e nel <strong>Maharashtra<\/strong> si dedicano balli tradizionali che proseguono per tutta la durata dell&#8217;evento. Il <em>Navratri <\/em>autunnale di questo ottobre 2015 comincer\u00e0 marted\u00ec 13 e proseguir\u00e0 fino al 22, con i festeggiamenti del decimo giorno, il <em>Dussehra.<\/em><\/p>\n<h2>Amsterdam Dance Event, Paesi Bassi<\/h2>\n<p><a href=\"https:\/\/www.noleggioauto.it\/informaviaggi\/wp-content\/uploads\/2015\/10\/Ade.jpg\" target=\"_blank\" rel=\"nofollow\"><img decoding=\"async\" class=\"aligncenter wp-image-2800 lazyload\" data-src=\"https:\/\/www.noleggioauto.it\/informaviaggi\/wp-content\/uploads\/2015\/10\/Ade.jpg\" alt=\"ottobre 2015\" width=\"640\" height=\"372\" src=\"data:image\/svg+xml;base64,PHN2ZyB3aWR0aD0iMSIgaGVpZ2h0PSIxIiB4bWxucz0iaHR0cDovL3d3dy53My5vcmcvMjAwMC9zdmciPjwvc3ZnPg==\" style=\"--smush-placeholder-width: 640px; --smush-placeholder-aspect-ratio: 640\/372;\" \/><\/a><\/p>\n<p>300 eventi, 2.000 Dj. 80 club e locali coinvolti. Cinque giorni di festa e di ballo, ma anche di conferenze e incontri. Ogni anno l&#8217;ADE raccoglie trecentocinquantamila partecipanti provenienti da ogni angolo del mondo con il desiderio di muoversi e divertirsi al suono dei pi\u00f9 grandi Dj del mondo, e per scoprire i talenti pi\u00f9 promettenti del panorama <em>dance<\/em> mondiale. La citt\u00e0 di <strong><a href=\"https:\/\/www.noleggioauto.it\/olanda\/amsterdam\/\" target=\"_blank\" rel=\"noopener noreferrer nofollow\">Amsterdam<\/a> <\/strong>si trasforma e propone rassegne cinematografiche, mostre ed esibizioni, concerti, sfilate di moda e altri eventi con lo scopo finale di promuovere l&#8217;incontro tra i visitatori, gli artisti e i professionisti dell&#8217;industria musicale. Dal 17 al 21 ottobre.<\/p>\n<h2>Full Moon Party, Thailandia<\/h2>\n<p><a href=\"https:\/\/www.noleggioauto.it\/informaviaggi\/wp-content\/uploads\/2015\/10\/12038027_697347720400606_1393567505198647879_n.jpg\" target=\"_blank\" rel=\"nofollow\"><img decoding=\"async\" class=\"aligncenter wp-image-2803 lazyload\" data-src=\"https:\/\/www.noleggioauto.it\/informaviaggi\/wp-content\/uploads\/2015\/10\/12038027_697347720400606_1393567505198647879_n.jpg\" alt=\"ottobre 2015\" width=\"640\" height=\"426\" src=\"data:image\/svg+xml;base64,PHN2ZyB3aWR0aD0iMSIgaGVpZ2h0PSIxIiB4bWxucz0iaHR0cDovL3d3dy53My5vcmcvMjAwMC9zdmciPjwvc3ZnPg==\" style=\"--smush-placeholder-width: 640px; --smush-placeholder-aspect-ratio: 640\/426;\" \/><\/a><\/p>\n<p>La festa pi\u00f9 pazza del mondo ha luogo nell&#8217;isola di <strong>Ko Pha Ngan<\/strong>, in Thailandia. Ogni mese, durante la luna piena, un numero di visitatori che fluttua tra i 10.000 e i 30.000 si raduna a festeggiare la luna piena in un sito riconosciuto in tutto il mondo come un vero e proprio paradiso terrestre. La prossima festa della luna piena avr\u00e0 luogo il 25 ottobre 2018. Siete pronti a scatenarvi in folli danze tutta la notte? Ecco i consigli direttamente dalla pagina ufficiale del Full Moon Party:<\/p>\n<p><a href=\"https:\/\/www.noleggioauto.it\/informaviaggi\/wp-content\/uploads\/2015\/10\/Capture.jpg\" target=\"_blank\" rel=\"nofollow\"><img decoding=\"async\" class=\"aligncenter size-full wp-image-2802 lazyload\" data-src=\"https:\/\/www.noleggioauto.it\/informaviaggi\/wp-content\/uploads\/2015\/10\/Capture.jpg\" alt=\"ottobre 2015\" width=\"485\" height=\"480\" src=\"data:image\/svg+xml;base64,PHN2ZyB3aWR0aD0iMSIgaGVpZ2h0PSIxIiB4bWxucz0iaHR0cDovL3d3dy53My5vcmcvMjAwMC9zdmciPjwvc3ZnPg==\" style=\"--smush-placeholder-width: 485px; --smush-placeholder-aspect-ratio: 485\/480;\" \/><\/a><\/p>\n<p>(Uomo avvisato&#8230;.)<\/p>\n<h2>31 ottobre 2015: il giorno dei morti!<\/h2>\n<p><a href=\"https:\/\/www.noleggioauto.it\/informaviaggi\/wp-content\/uploads\/2015\/10\/12022578_1322491864505044_1408093510079372333_o.png\" target=\"_blank\" rel=\"nofollow\"><img decoding=\"async\" class=\"aligncenter wp-image-2805 lazyload\" data-src=\"https:\/\/www.noleggioauto.it\/informaviaggi\/wp-content\/uploads\/2015\/10\/12022578_1322491864505044_1408093510079372333_o.png\" alt=\"ottobre 2015\" width=\"640\" height=\"299\" src=\"data:image\/svg+xml;base64,PHN2ZyB3aWR0aD0iMSIgaGVpZ2h0PSIxIiB4bWxucz0iaHR0cDovL3d3dy53My5vcmcvMjAwMC9zdmciPjwvc3ZnPg==\" style=\"--smush-placeholder-width: 640px; --smush-placeholder-aspect-ratio: 640\/299;\" \/><\/a><\/p>\n<p>Chiamatelo come volete: giorno dei morti, Halloween o La Calaca, il giorno dei morti \u00e8 festeggiato in tutto il mondo \u00e8 ciascuno ha il proprio particolare. Dal &#8220;dolcetto o scherzetto&#8221; reso celebre dai film americani, alle maschere colorate, spiritose e inquietante, che sfilano nella localit\u00e0 di <strong>San Miguel de Allende<\/strong>, in <strong><a href=\"https:\/\/www.noleggioauto.it\/messico\/\" target=\"_blank\" rel=\"noopener noreferrer nofollow\">Messico<\/a><\/strong>. La festa \u00e8 relativamente giovane, essendo nata nel 2012, ma rappresenta lo sforzo della comunit\u00e0 di ridare vitalit\u00e0 alla tradizione popolare attraverso l&#8217;incontro dell&#8217;arte locale con il folklore del <em>Dia de los muertos, <\/em>traducendosi in un programma che promuove il colore e la convivialit\u00e0, il carnevale e la festa popolare. In pochi anni, l&#8217;iniziativa di San Miguel ha fatto il giro del mondo ed \u00e8 segnalato come una delle principali attrazioni messicane degli ultimi.<\/p>\n<h2>Formula 1 e MotoGP: i circuiti di ottobre 2015<\/h2>\n<p>Ecco le date dei Gran Premi delle due principali competizioni di automobilismo e motociclismo per il mese di ottobre 2015.<\/p>\n<p><span style=\"text-decoration: underline;\">Formula Uno<\/span><\/p>\n<p><em>9-11 ottobre 2015<\/em>, Gran Premio di Russia, Sochi<\/p>\n<p><em>23-25 ottobre 2015<\/em>, Gran Premio degli USA, Austin<\/p>\n<p><span style=\"text-decoration: underline;\">MotoGP<\/span><\/p>\n<p><em>9-11 ottobre 2015<\/em>, Gran Premio del Giappone<em>, <\/em>Motegi<\/p>\n<p><em>16-18 ottobre 2015<\/em>, Gran Premio di Australia, Phillip Island<\/p>\n<p><em>23-25 ottobre 2015,<\/em> Gran Premio della Malesia, Sepang<\/p>\n<p>Importante soprattutto gli ultimi appuntamenti del MotoGp, destinati a stabilire il vincitore della battaglia tra Valentino Rossi e il suo compagno di squadra Jorge Lorenzo.<\/p>\n<h2><em>E voi, cosa farete in questo ottobre 2015? Raccontateci i vostri itinerari sulle nostre pagine <a href=\"https:\/\/www.facebook.com\/NoleggioAuto.it\" target=\"_blank\" rel=\"noopener noreferrer nofollow\">Facebook<\/a>, <a href=\"https:\/\/twitter.com\/informaviaggi\" target=\"_blank\" rel=\"noopener noreferrer nofollow\">Twitter<\/a> o <a href=\"https:\/\/plus.google.com\/+NoleggioautoIt\/posts\" target=\"_blank\" rel=\"noopener noreferrer nofollow\">Google+<\/a>&#8230; vi aspettiamo! <\/em><\/h2>\n","protected":false},"excerpt":{"rendered":"<p>Se vi stavate chiedendo cosa succede in giro per il mondo durante il mese di ottobre 2015, ecco qui una carrellata di alcuni degli&#8230;<\/p>\n","protected":false},"author":4,"featured_media":2809,"comment_status":"open","ping_status":"open","sticky":false,"template":"","format":"standard","meta":{"advanced_seo_description":"","jetpack_seo_html_title":"","jetpack_seo_noindex":false,"_jetpack_memberships_contains_paid_content":false,"footnotes":""},"categories":[11],"tags":[228,48,461,567,244,251],"class_list":["post-2795","post","type-post","status-publish","format-standard","has-post-thumbnail","hentry","category-eventi-nel-mondo","tag-india","tag-italia","tag-messico","tag-paesi-bassi","tag-thailandia","tag-usa","post-item","post-even"],"jetpack_featured_media_url":"https:\/\/informaviaggi.noleggioauto.it\/wp-content\/uploads\/2015\/10\/5795271406_e12f84bbb8_z.jpg","jetpack_sharing_enabled":true,"_links":{"self":[{"href":"https:\/\/www.noleggioauto.it\/informaviaggi\/wp-json\/wp\/v2\/posts\/2795","targetHints":{"allow":["GET"]}}],"collection":[{"href":"https:\/\/www.noleggioauto.it\/informaviaggi\/wp-json\/wp\/v2\/posts"}],"about":[{"href":"https:\/\/www.noleggioauto.it\/informaviaggi\/wp-json\/wp\/v2\/types\/post"}],"author":[{"embeddable":true,"href":"https:\/\/www.noleggioauto.it\/informaviaggi\/wp-json\/wp\/v2\/users\/4"}],"replies":[{"embeddable":true,"href":"https:\/\/www.noleggioauto.it\/informaviaggi\/wp-json\/wp\/v2\/comments?post=2795"}],"version-history":[{"count":8,"href":"https:\/\/www.noleggioauto.it\/informaviaggi\/wp-json\/wp\/v2\/posts\/2795\/revisions"}],"predecessor-version":[{"id":7192,"href":"https:\/\/www.noleggioauto.it\/informaviaggi\/wp-json\/wp\/v2\/posts\/2795\/revisions\/7192"}],"wp:featuredmedia":[{"embeddable":true,"href":"https:\/\/www.noleggioauto.it\/informaviaggi\/wp-json\/wp\/v2\/media\/2809"}],"wp:attachment":[{"href":"https:\/\/www.noleggioauto.it\/informaviaggi\/wp-json\/wp\/v2\/media?parent=2795"}],"wp:term":[{"taxonomy":"category","embeddable":true,"href":"https:\/\/www.noleggioauto.it\/informaviaggi\/wp-json\/wp\/v2\/categories?post=2795"},{"taxonomy":"post_tag","embeddable":true,"href":"https:\/\/www.noleggioauto.it\/informaviaggi\/wp-json\/wp\/v2\/tags?post=2795"}],"curies":[{"name":"wp","href":"https:\/\/api.w.org\/{rel}","templated":true}]}}