{"id":2865,"date":"2015-10-15T09:48:29","date_gmt":"2015-10-15T09:48:29","guid":{"rendered":"http:\/\/www.noleggioauto.it\/informaviaggi\/?p=2865"},"modified":"2016-02-05T09:45:59","modified_gmt":"2016-02-05T09:45:59","slug":"lauto-e-il-lavoro-e-le-nuove-abitudini-di-mobilita","status":"publish","type":"post","link":"https:\/\/www.noleggioauto.it\/informaviaggi\/lauto-e-il-lavoro-e-le-nuove-abitudini-di-mobilita\/","title":{"rendered":"&#8220;L&#8217;auto e il lavoro&#8221; e le nuove abitudini di mobilit\u00e0"},"content":{"rendered":"<p>Sta facendo parlare di s\u00e8 una recente ricerca promossa dal portale Automobile.it in collaborazione con l&#8217;istituto di ricerca GFK Eurisko intitolata <strong>&#8220;L&#8217;auto e il lavoro&#8221; <\/strong>e focalizzata sulle nuove abitudini di mobilit\u00e0 dei lavoratori italiani. L&#8217;attenzione rivolta a questo studio \u00e8 dovuta ad alcuni dati interessanti, sebbene ancora minimi, relativi all&#8217;uso dell&#8217;auto privata, in calo rispetto al passato e a favore di nuove forme di modalit\u00e0 quali la bicicletta, i mezzi pubblici, il traporto a piedi; nonch\u00e9 il car sharing e, naturalmente, il <a href=\"https:\/\/www.noleggioauto.it\" target=\"_blank\" rel=\"nofollow\"><strong>noleggio auto<\/strong><\/a>.<\/p>\n<p>&nbsp;<\/p>\n<h2>I dati<\/h2>\n<p><img decoding=\"async\" class=\"aligncenter size-full wp-image-2869 lazyload\" data-src=\"https:\/\/www.noleggioauto.it\/informaviaggi\/wp-content\/uploads\/2015\/10\/traffic-843309_640.jpg\" alt=\"auto\" width=\"640\" height=\"426\" src=\"data:image\/svg+xml;base64,PHN2ZyB3aWR0aD0iMSIgaGVpZ2h0PSIxIiB4bWxucz0iaHR0cDovL3d3dy53My5vcmcvMjAwMC9zdmciPjwvc3ZnPg==\" style=\"--smush-placeholder-width: 640px; --smush-placeholder-aspect-ratio: 640\/426;\" \/><\/p>\n<p>Nel 2014 le ricerche evidenziano la crescita dell\u2019uso della bicicletta (+0,7%), degli spostamenti a piedi (+1,5%) e dell\u2019uso del mezzo pubblico (+0,5%) a discapito dell\u2019auto privata (-3,1%). Inoltre, i dati evidenziati da &#8220;L&#8217;auto e il lavoro&#8221; segnalano che il 55% degli intervistati utilizza l&#8217;auto personale almeno una o due volte a settimana per recarsi al lavoro; e il dato sale al 60% se si includono motivi professionali in senso lato. La prevalenza di questa nuova tendenza va ricondotta alle guidatrici (63%), mentre gli automobilisti si fermano al 58%. Gli uomini percorrono in media pi\u00f9 strada, e questo ovviamente si riflette anche sul tempo trascorso alla guida per lavoro. Le ragioni per cui gli italiani ricorrano ancora all\u2019automobile con questa frequenza sono state identificate, nel 59% dei casi, alla comodit\u00e0; al 27%, la distanza da coprire e il risparmio di tempo. Al 23% troviamo il cattivo collegamento con i mezzi pubblici. Sull&#8217; altro versante, quello degli svantaggi dell\u2019uso della vettura privata, il 59% degli intervistati ha identificato il costo del carburante come il problema principale; mentre il 26% non ravvede alcun aspetto negativo. Al 16% figura il traffico e la difficolt\u00e0 di trovare parcheggio. In buona sostanza, il 15% degli intervistati ha dichiarato di usare meno l\u2019auto, mentre circa il 79% non ha riportato alcuna variazione.<\/p>\n<p>&nbsp;<\/p>\n<h2>Le forme alternative di mobilit\u00e0<\/h2>\n<p><img decoding=\"async\" class=\"aligncenter size-full wp-image-2870 lazyload\" data-src=\"https:\/\/www.noleggioauto.it\/informaviaggi\/wp-content\/uploads\/2015\/10\/16696437872_366a8ba595_z.jpg\" alt=\"auto\" width=\"640\" height=\"400\" src=\"data:image\/svg+xml;base64,PHN2ZyB3aWR0aD0iMSIgaGVpZ2h0PSIxIiB4bWxucz0iaHR0cDovL3d3dy53My5vcmcvMjAwMC9zdmciPjwvc3ZnPg==\" style=\"--smush-placeholder-width: 640px; --smush-placeholder-aspect-ratio: 640\/400;\" \/><\/p>\n<p>In alterntiva all\u2019auto, le statistiche ci dicono che il 43% va a piedi, il 18% in bicicletta, il 6% con i mezzi pubblici, il 4% prende il treno e altrettanti il car-sharing. I mezzi pubblici sono scelti solo dal 15% degli intervistati, ritenendo spesso il servizio carente. In aumento invece il numero di persone che si affida al car sharing e al <a href=\"https:\/\/www.noleggioauto.it\/noleggio-lungo-termine\/\" target=\"_blank\" rel=\"nofollow\"><strong>noleggio a lungo termine<\/strong><\/a>. Quella del car sharing \u00e8 una formula che si svilupper\u00e0 soprattutto nelle grandi citt\u00e0, in risposta ai problemi di congestionamento del traffico, in virt\u00f9 del fatto che \u00e8 molto conveniente se si devono affrontare tragitti brevi o se si utilizza l\u2019automobile sporadicamente. Tuttavia, questa formula risulta avere un alto costo sul lungo periodo; e in pi\u00f9 ora risente del rischio di non ritrovare l\u2019auto dove la si \u00e8 parcheggiata e la scarsa copertura in tutte le citt\u00e0. Rimane una modalit\u00e0 di trasporto molto apprezzata dagli <em>under<\/em> 40, particolarmente attenti al discorso economico del mantenimento di un\u2019auto privata. Per quanto riguarda, invece, le aziende private e le pubbliche amministrazioni il noleggio a lungo termine si rivela essere la formula preferita, soprattutto per la sua economicit\u00e0: il fatto di poter usufruire del mezzo come se fosse di propriet\u00e0 privata ha fatto s\u00ec che questa modalit\u00e0, nel 2015, si stata adottata da circa 65.000 aziende private e 2.400 pubbliche amministrazioni.<\/p>\n<p>&nbsp;<\/p>\n<h2><em>Usate spesso l&#8217;auto per andare a lavoro? Quale mezzo usate pi\u00f9 spesso per spostarvi in citt\u00e0? Raccontatecelo sulle nostre pagine <a href=\"https:\/\/www.facebook.com\/NoleggioAuto.it\" target=\"_blank\" rel=\"nofollow\">Facebook<\/a>, <a href=\"https:\/\/twitter.com\/informaviaggi\" target=\"_blank\" rel=\"nofollow\">Twitter<\/a> o <a href=\"https:\/\/plus.google.com\/+NoleggioautoIt\/posts\" target=\"_blank\" rel=\"nofollow\">Google+<\/a>, vi aspettiamo!<br \/>\n<\/em><\/h2>\n","protected":false},"excerpt":{"rendered":"<p>Sta facendo parlare di s\u00e8 una recente ricerca promossa dal portale Automobile.it in collaborazione con l&#8217;istituto di ricerca GFK Eurisko intitolata &#8220;L&#8217;auto e il&#8230;<\/p>\n","protected":false},"author":4,"featured_media":2871,"comment_status":"open","ping_status":"open","sticky":false,"template":"","format":"standard","meta":{"advanced_seo_description":"","jetpack_seo_html_title":"","jetpack_seo_noindex":false,"_jetpack_memberships_contains_paid_content":false,"footnotes":""},"categories":[12],"tags":[126,61,400,476],"class_list":["post-2865","post","type-post","status-publish","format-standard","has-post-thumbnail","hentry","category-curiosita","tag-auto","tag-noleggio","tag-noleggio-auto","tag-noleggioauto-it","post-item","post-even"],"jetpack_featured_media_url":"https:\/\/informaviaggi.noleggioauto.it\/wp-content\/uploads\/2015\/10\/19302847989_c389749085_z.jpg","jetpack_sharing_enabled":true,"_links":{"self":[{"href":"https:\/\/www.noleggioauto.it\/informaviaggi\/wp-json\/wp\/v2\/posts\/2865","targetHints":{"allow":["GET"]}}],"collection":[{"href":"https:\/\/www.noleggioauto.it\/informaviaggi\/wp-json\/wp\/v2\/posts"}],"about":[{"href":"https:\/\/www.noleggioauto.it\/informaviaggi\/wp-json\/wp\/v2\/types\/post"}],"author":[{"embeddable":true,"href":"https:\/\/www.noleggioauto.it\/informaviaggi\/wp-json\/wp\/v2\/users\/4"}],"replies":[{"embeddable":true,"href":"https:\/\/www.noleggioauto.it\/informaviaggi\/wp-json\/wp\/v2\/comments?post=2865"}],"version-history":[{"count":4,"href":"https:\/\/www.noleggioauto.it\/informaviaggi\/wp-json\/wp\/v2\/posts\/2865\/revisions"}],"predecessor-version":[{"id":2872,"href":"https:\/\/www.noleggioauto.it\/informaviaggi\/wp-json\/wp\/v2\/posts\/2865\/revisions\/2872"}],"wp:featuredmedia":[{"embeddable":true,"href":"https:\/\/www.noleggioauto.it\/informaviaggi\/wp-json\/wp\/v2\/media\/2871"}],"wp:attachment":[{"href":"https:\/\/www.noleggioauto.it\/informaviaggi\/wp-json\/wp\/v2\/media?parent=2865"}],"wp:term":[{"taxonomy":"category","embeddable":true,"href":"https:\/\/www.noleggioauto.it\/informaviaggi\/wp-json\/wp\/v2\/categories?post=2865"},{"taxonomy":"post_tag","embeddable":true,"href":"https:\/\/www.noleggioauto.it\/informaviaggi\/wp-json\/wp\/v2\/tags?post=2865"}],"curies":[{"name":"wp","href":"https:\/\/api.w.org\/{rel}","templated":true}]}}