{"id":2894,"date":"2015-10-20T07:22:42","date_gmt":"2015-10-20T07:22:42","guid":{"rendered":"http:\/\/www.noleggioauto.it\/informaviaggi\/?p=2894"},"modified":"2018-09-03T15:15:54","modified_gmt":"2018-09-03T14:15:54","slug":"italiaontheroad-di-vallata-in-vallata-cuneo-e-i-suoi-dintorni","status":"publish","type":"post","link":"https:\/\/www.noleggioauto.it\/informaviaggi\/italiaontheroad-di-vallata-in-vallata-cuneo-e-i-suoi-dintorni\/","title":{"rendered":"#Italiaontheroad &#8211; Di vallata in vallata, Cuneo e i suoi dintorni"},"content":{"rendered":"<p style=\"text-align: justify;\"><strong><a href=\"https:\/\/www.noleggioauto.it\/cuneo\/\" target=\"_blank\" rel=\"noopener nofollow\">Cuneo<\/a><\/strong> \u00e8 un gioiello protetto da un ventaglio di splendide vallate, scopribili attraverso un ampio percorso ad anello. <strong>Il punto di partenza<\/strong> non pu\u00f2 che essere la bella citt\u00e0 capoluogo, da cui si pu\u00f2 proseguire verso le Valli Monregalesi, che fanno da sfondo alle citt\u00e0 di Mondov\u00ec e Vicoforte, sede dell\u2019omonimo Santuario con la cupola ellittica pi\u00f9 grande al mondo. Lasciandosi alle spalle il Monregalese, la tappa successiva pu\u00f2 essere la Valle Pesio con il Parco Naturale del Marguareis che protegge un territorio molto interessante sia dal punto di vista paesaggistico, sia per le splendide cavit\u00e0 sotterranee. Sempre in tema di parchi, imperdibile \u00e8 il <strong>Parco Naturale delle Alpi Marittime<\/strong> che si estende nelle valli Vermenagna, Gesso e Stura. Il percorso prosegue in direzione di Saluzzo \u2013 capitale di un antico Marchesato &#8211; attraversando le sontuose Valli Grana, Maira, Varaita e Po, dominate queste ultime dal Monviso (3841 m), la cima pi\u00f9 alta delle Alpi Cozie. Scendendo nettamente di quota ci si pu\u00f2 far suggestionare dalla bellezza delle amene colline Saluzzesi e farsi avvolgere dall\u2019atmosfera medievale del Castello della Manta, oggi bene del FAI. Per concludere in bellezza, si possono scoprire le artistiche citt\u00e0 di Savigliano, Fossano e Racconigi o concedersi una sosta a Piozzo ed a Carr\u00f9, alle porte delle Langhe, per sorseggiare una buona birra artigianale e deliziarsi con uno dei piatti principi della cucina piemontese: il Bollito a base di carne bovina di razza piemontese. Lasciamoci accompagnare attraverso le bellezze di Cuneo e dei suoi dintorni dagli amici dell&#8217;<strong>A.T.L. del Cuneese<\/strong> e il loro portale <a href=\"http:\/\/www.cuneoholiday.com\/\" target=\"_blank\" rel=\"noopener nofollow\">Cuneoholiday.com<\/a>.<\/p>\n<h2><strong><em>Consigli dell\u2019esperto: un tesoro nascosto che purtroppo solo i locali conoscono!<\/em><\/strong><\/h2>\n<p><img decoding=\"async\" class=\"aligncenter size-full wp-image-2900 lazyload\" data-src=\"https:\/\/www.noleggioauto.it\/informaviaggi\/wp-content\/uploads\/2015\/10\/Teatro-e-tempio-Augusta-Bagiennorum_rid.jpg\" alt=\"cuneo\" width=\"640\" height=\"427\" src=\"data:image\/svg+xml;base64,PHN2ZyB3aWR0aD0iMSIgaGVpZ2h0PSIxIiB4bWxucz0iaHR0cDovL3d3dy53My5vcmcvMjAwMC9zdmciPjwvc3ZnPg==\" style=\"--smush-placeholder-width: 640px; --smush-placeholder-aspect-ratio: 640\/427;\" \/><\/p>\n<p style=\"text-align: justify;\">Se si vuole vivere fino in fondo l\u2019esperienza turistica nel territorio del Cuneese, \u00e8 indispensabile immergersi nella cultura locale pi\u00f9 intima, abbandonando le grandi strade statali per percorrere invece quelle secondarie che solcano le montagne. Questo permetter\u00e0 l\u2019incontro di numerose borgate senza tempo, i cui abitanti mantengono la lingua, gli usi e costumi della tradizione.<\/p>\n<p style=\"text-align: justify;\">Molte sono le tracce della storia ancora tangibili nel Cuneese e che valgono bene una visita. Ne sono un esempio alcuni tesori quali il sito archeologico di Bene Vagienna, la Necropoli di Valdieri ed il Forte Albertino di Vinadio. L\u2019<strong>antica Augusta Bagiennorum<\/strong>, uno dei siti romani meglio conservati della provincia di Cuneo, si trova in Frazione Roncaglia di Bene Vagienna e conserva ancora i resti del teatro, della basilica paleocristiana e dell\u2019acquedotto. Numerosi reperti sono conservati presso il Museo Archeologico in centro citt\u00e0. Nel mese di luglio l\u2019antico teatro romano diventa la sede di un festival di cultura classica intitolato \u201cLe Ferie di Augusto\u201d. Il centro storico di Bene Vagienna \u00e8 un interessante insieme di case medievali e barocche e saltuariamente ospita \u201cAugusta Antiquaria\u201d, mercatino di collezionismo e antichit\u00e0 con oltre trecento bancarelle.<\/p>\n<p style=\"text-align: justify;\">La <strong>Necropoli protostorica di Valdieri<\/strong>, in Valle Gesso, \u00e8 un sito archeologico piccolo ma importante nel panorama italiano. La <strong>ricostruzione fedele di un edificio dell\u2019et\u00e0 del bronzo<\/strong>, insieme a orti, recinti per gli animali domestici, fornaci e cos\u00ec via, permettono di rivivere momenti ed esperienze simili a quelle degli antenati del 1200 a.C.<\/p>\n<p><img decoding=\"async\" class=\"aligncenter wp-image-2901 lazyload\" data-src=\"https:\/\/www.noleggioauto.it\/informaviaggi\/wp-content\/uploads\/2015\/10\/Forte-di-Vinadio-1-Arch.-Marcovaldo.jpg\" alt=\"cuneo\" width=\"640\" height=\"479\" src=\"data:image\/svg+xml;base64,PHN2ZyB3aWR0aD0iMSIgaGVpZ2h0PSIxIiB4bWxucz0iaHR0cDovL3d3dy53My5vcmcvMjAwMC9zdmciPjwvc3ZnPg==\" style=\"--smush-placeholder-width: 640px; --smush-placeholder-aspect-ratio: 640\/479;\" \/><\/p>\n<p style=\"text-align: justify;\">Le fortificazioni di <strong>Vinadio<\/strong> sono da considerarsi uno dei pi\u00f9 significativi esempi di architettura militare dell\u2019intero arco alpino. La costruzione del Forte \u201cAlbertino\u201d venne decisa sotto il regno di Carlo Alberto di Savoia; avrebbe dovuto costituire un\u2019inespugnabile fortezza a difesa del confine tra lo Stato Piemontese e la Francia. Nel 1862 venne utilizzata per la prigionia di 400 Garibaldini fermati nella Battaglia di Aspromonte. Il Forte ospita oggi il Museo multimediale \u201cMontagna in movimento\u201d, dedicato alla cultura occitana ed \u00e8 visitabile da giugno a settembre.<\/p>\n<h2><strong><em>Consigli sulla viabilit\u00e0: quali sono le strade pi\u00f9 panoramiche da percorrere e quali invece da evitare per il traffico?<\/em><\/strong><\/h2>\n<p><img decoding=\"async\" class=\"aligncenter wp-image-2909 lazyload\" data-src=\"https:\/\/www.noleggioauto.it\/informaviaggi\/wp-content\/uploads\/2015\/10\/rsz_cuneo_dallalto.jpg\" alt=\"cuneo\" width=\"640\" height=\"480\" src=\"data:image\/svg+xml;base64,PHN2ZyB3aWR0aD0iMSIgaGVpZ2h0PSIxIiB4bWxucz0iaHR0cDovL3d3dy53My5vcmcvMjAwMC9zdmciPjwvc3ZnPg==\" style=\"--smush-placeholder-width: 640px; --smush-placeholder-aspect-ratio: 640\/480;\" \/><\/p>\n<p style=\"text-align: justify;\">Intorno alla citt\u00e0 di Cuneo si aprono a ventaglio 9 vallate alpine, ognuna delle quali vanta strade che salgono in quota garantendo panorami mozzafiato: valgono senz\u2019altro la pena il Vallone dell\u2019Arma che da Demonte conduce al Colle della Fauniera ed il Vallone d\u2019Elva in Valle Maira. Degne di nota sono anche la \u201cStrada delle Cappelle\u201d che unisce Mondov\u00ec Piazza a Vicoforte e la strada che unisce Fontane di Frabosa Soprana a Prato Nevoso (Frabosa Sottana).<\/p>\n<p style=\"text-align: justify;\">Cuneo e le sei sorelle (Alba, Bra, Fossano, Mondov\u00ec, Saluzzo, Savigliano) sono <strong>cittadine \u201ca misura d\u2019uomo\u201d<\/strong>: la viabilit\u00e0 non \u00e8 mai congestionata, ad esclusione delle strade di accesso ad Alba durante le ore di punta. Un punto a favore per tutti gli automobilisti.<\/p>\n<h2><strong><em> \u201cSe non ora, quando?\u201d: i migliori periodi dell\u2019anno per visitare Cuneo e provincia.<\/em><\/strong><\/h2>\n<p><img decoding=\"async\" class=\"aligncenter wp-image-2903 lazyload\" data-src=\"https:\/\/www.noleggioauto.it\/informaviaggi\/wp-content\/uploads\/2015\/10\/rsz_dl_100202_limone_64.jpg\" alt=\"cuneo\" width=\"640\" height=\"427\" src=\"data:image\/svg+xml;base64,PHN2ZyB3aWR0aD0iMSIgaGVpZ2h0PSIxIiB4bWxucz0iaHR0cDovL3d3dy53My5vcmcvMjAwMC9zdmciPjwvc3ZnPg==\" style=\"--smush-placeholder-width: 640px; --smush-placeholder-aspect-ratio: 640\/427;\" \/><\/p>\n<p style=\"text-align: justify;\">Il territorio cuneese sa valorizzare le proprie risorse durante tutti i periodi dell\u2019anno. Le cime delle Alpi Liguri, Marittime e Cozie ben si prestano alla pratica di tutti gli sport all\u2019aria aperta, da quelli estivi come l\u2019escursionismo, l\u2019arrampicata, il rafting, la pesca, il cicloturismo, la MTB ed il mototurismo a quelli invernali come lo sci da discesa, di fondo e alpinismo, il freeride, il pattinaggio su ghiaccio e l\u2019arrampicata su cascate di ghiaccio, a quelli. Numerose sono le localit\u00e0 sciistiche, tra le principali i comprensori del <strong>Mondol\u00e8 ski<\/strong> costituito da Prato Nevoso, Artesina e Frabosa Soprana e la <strong>Riserva Bianca<\/strong> di Limone Piemonte.<\/p>\n<p><img decoding=\"async\" class=\"aligncenter wp-image-2904 lazyload\" data-src=\"https:\/\/www.noleggioauto.it\/informaviaggi\/wp-content\/uploads\/2015\/10\/Trekkimg-del-Lupo-Alpi-Marittime_DSC_1766_b.jpg\" alt=\"cuneo\" width=\"640\" height=\"424\" src=\"data:image\/svg+xml;base64,PHN2ZyB3aWR0aD0iMSIgaGVpZ2h0PSIxIiB4bWxucz0iaHR0cDovL3d3dy53My5vcmcvMjAwMC9zdmciPjwvc3ZnPg==\" style=\"--smush-placeholder-width: 640px; --smush-placeholder-aspect-ratio: 640\/424;\" \/><\/p>\n<p style=\"text-align: justify;\">In primavera ed autunno si concentrano i principali eventi fieristico-gastronomici del Cuneese: vere celebrazioni dei prodotti di eccellenza locali.<\/p>\n<h2><strong><em>Usi e costumi: quali feste tradizionali o sagre sono assolutamente imperdibili?<\/em><\/strong><\/h2>\n<p><img decoding=\"async\" class=\"aligncenter wp-image-2915 lazyload\" data-src=\"https:\/\/www.noleggioauto.it\/informaviaggi\/wp-content\/uploads\/2015\/10\/Cuneo-Via-Roma_168_b1.jpg\" alt=\"cuneo\" width=\"640\" height=\"640\" src=\"data:image\/svg+xml;base64,PHN2ZyB3aWR0aD0iMSIgaGVpZ2h0PSIxIiB4bWxucz0iaHR0cDovL3d3dy53My5vcmcvMjAwMC9zdmciPjwvc3ZnPg==\" style=\"--smush-placeholder-width: 640px; --smush-placeholder-aspect-ratio: 640\/640;\" \/><\/p>\n<p style=\"text-align: justify;\">La provincia Granda \u00e8 un territorio sempre in festa per celebrare una vasta offerta gastronomica. Le feste e le sagre sono talmente numerose che citarle tutte sarebbe impossibile, pertanto, <strong>tra le principali e assolutamente imperdibili ricordiamo la \u201cFiera Nazionale del Marrone\u201d<\/strong>, che si svolge a Cuneo il terzo fine settimana di ottobre e rappresenta una vetrina unica delle eccellenze del territorio cuneese. All\u2019evento partecipano centinaia di espositori provenienti dall\u2019Italia e dall\u2019estero, tutti attentamente selezionati in nome della qualit\u00e0 dei prodotti esposti. Degna di nota \u00e8 \u201cPeccati di Gola\u201d, la Fiera Regionale del Tartufo che ha luogo in novembre a Mondov\u00ec: un vero e proprio viaggio del gusto, un\u2019esperienza multisensoriale alla scoperta delle eccellenze culinarie e culturali del monregalese.<\/p>\n<p><img decoding=\"async\" class=\"aligncenter size-full wp-image-2908 lazyload\" data-src=\"https:\/\/www.noleggioauto.it\/informaviaggi\/wp-content\/uploads\/2015\/10\/Piatto-Rist.-La-Torre-Racconigi-4.jpg\" alt=\"cuneo\" width=\"600\" height=\"402\" src=\"data:image\/svg+xml;base64,PHN2ZyB3aWR0aD0iMSIgaGVpZ2h0PSIxIiB4bWxucz0iaHR0cDovL3d3dy53My5vcmcvMjAwMC9zdmciPjwvc3ZnPg==\" style=\"--smush-placeholder-width: 600px; --smush-placeholder-aspect-ratio: 600\/402;\" \/><\/p>\n<p style=\"text-align: justify;\"><strong>Nel periodo invernale \u00e8 invece di grande importanza la Fiera Nazionale del Bue Grasso di Carr\u00f9<\/strong>, che, nata nel 1910, costituisce non solo un tradizionale appuntamento commerciale e folcloristico, ma \u00e8 anche, e soprattutto, la celebrazione della gente di Langa. Il freddo intenso, le prime luci dell\u2019alba, le canzoni spontanee, la consegna delle ambitissime gualdrappe e poi il Bollito che viene servito fino a tarda sera sono il ripetersi di un rito antico e il perpetuarsi della poesia di un tempo.<\/p>\n<p style=\"text-align: justify;\">Dopo gli appuntamenti fieristici primaverili, per rinfrescarsi dalla calura estiva, arriva <em>\u201cC\u2019\u00e8 Fermento!<\/em>\u201d, la festa saluzzese che celebra la birra, proponendo uno spaccato della migliore produzione artigianale del nord ovest, con degustazioni, incontri e laboratori del gusto.<\/p>\n<h2><strong><em>Picnic: specialit\u00e0 da gustare solo e soltanto nelle trattorie tipiche<\/em><\/strong><\/h2>\n<p><img decoding=\"async\" class=\"aligncenter size-full wp-image-2907 lazyload\" data-src=\"https:\/\/www.noleggioauto.it\/informaviaggi\/wp-content\/uploads\/2015\/10\/FRITTO-MISTO_Trattoria-Aquila-Nera.jpg\" alt=\"cuneo\" width=\"300\" height=\"352\" src=\"data:image\/svg+xml;base64,PHN2ZyB3aWR0aD0iMSIgaGVpZ2h0PSIxIiB4bWxucz0iaHR0cDovL3d3dy53My5vcmcvMjAwMC9zdmciPjwvc3ZnPg==\" style=\"--smush-placeholder-width: 300px; --smush-placeholder-aspect-ratio: 300\/352;\" \/><\/p>\n<p style=\"text-align: justify;\">La provincia di Cuneo offre una variet\u00e0 immensa di<strong> prodotti tipici, eccellenti per tutti i gusti:<\/strong> vini e formaggi, salumi, carne bovina piemontese e lumache, ortaggi e frutta, porri e zucche, patate e castagne, funghi, agnello Sambucano e grano saraceno, eccellenti prodotti con riconoscimenti a livello nazionale e comunitario.<br \/>\nI sapori e i saperi tramandati da culture e tradizioni antiche hanno portato all&#8217;affermazione di prodotti agroalimentari di eccellenza, in qualche caso unici, tali da richiamare con il solo loro nome la Provincia Granda. Ne \u00e8 esempio il Castelmagno D.O.P., re dei formaggi.<\/p>\n<p><img decoding=\"async\" class=\"aligncenter wp-image-2905 lazyload\" data-src=\"https:\/\/www.noleggioauto.it\/informaviaggi\/wp-content\/uploads\/2015\/10\/Castelmagno-1579-x-1053.jpg\" alt=\"cuneo\" width=\"640\" height=\"427\" src=\"data:image\/svg+xml;base64,PHN2ZyB3aWR0aD0iMSIgaGVpZ2h0PSIxIiB4bWxucz0iaHR0cDovL3d3dy53My5vcmcvMjAwMC9zdmciPjwvc3ZnPg==\" style=\"--smush-placeholder-width: 640px; --smush-placeholder-aspect-ratio: 640\/427;\" \/><\/p>\n<h2><strong><em><br \/>\nUltima offerta: cosa offre la Provincia di Cuneo che nessun altro pu\u00f2 vantare?<\/em><\/strong><\/h2>\n<div id='gallery-1' class='gallery galleryid-2894 gallery-columns-4 gallery-size-thumbnail'><figure class='gallery-item'>\n\t\t\t<div class='gallery-icon landscape'>\n\t\t\t\t<img decoding=\"async\" width=\"300\" height=\"225\" data-src=\"https:\/\/informaviaggi.noleggioauto.it\/wp-content\/uploads\/2015\/10\/rsz_ferrere_-_valle_stura_cn_181.jpg\" class=\"attachment-thumbnail size-thumbnail lazyload\" alt=\"\" src=\"data:image\/svg+xml;base64,PHN2ZyB3aWR0aD0iMSIgaGVpZ2h0PSIxIiB4bWxucz0iaHR0cDovL3d3dy53My5vcmcvMjAwMC9zdmciPjwvc3ZnPg==\" style=\"--smush-placeholder-width: 300px; --smush-placeholder-aspect-ratio: 300\/225;\" \/>\n\t\t\t<\/div><\/figure><figure class='gallery-item'>\n\t\t\t<div class='gallery-icon landscape'>\n\t\t\t\t<img decoding=\"async\" width=\"300\" height=\"176\" data-src=\"https:\/\/informaviaggi.noleggioauto.it\/wp-content\/uploads\/2015\/10\/Trekking-del-Lupo-Alpi-Marittime_DSC_1579_b.jpg\" class=\"attachment-thumbnail size-thumbnail lazyload\" alt=\"cuneo\" src=\"data:image\/svg+xml;base64,PHN2ZyB3aWR0aD0iMSIgaGVpZ2h0PSIxIiB4bWxucz0iaHR0cDovL3d3dy53My5vcmcvMjAwMC9zdmciPjwvc3ZnPg==\" style=\"--smush-placeholder-width: 300px; --smush-placeholder-aspect-ratio: 300\/176;\" \/>\n\t\t\t<\/div><\/figure><figure class='gallery-item'>\n\t\t\t<div class='gallery-icon landscape'>\n\t\t\t\t<img decoding=\"async\" width=\"300\" height=\"199\" data-src=\"https:\/\/informaviaggi.noleggioauto.it\/wp-content\/uploads\/2015\/10\/Trekking-del-Lupo-Alpi-Marittime_DSC_9810_b.jpg\" class=\"attachment-thumbnail size-thumbnail lazyload\" alt=\"cuneo\" src=\"data:image\/svg+xml;base64,PHN2ZyB3aWR0aD0iMSIgaGVpZ2h0PSIxIiB4bWxucz0iaHR0cDovL3d3dy53My5vcmcvMjAwMC9zdmciPjwvc3ZnPg==\" style=\"--smush-placeholder-width: 300px; --smush-placeholder-aspect-ratio: 300\/199;\" \/>\n\t\t\t<\/div><\/figure><figure class='gallery-item'>\n\t\t\t<div class='gallery-icon landscape'>\n\t\t\t\t<img decoding=\"async\" width=\"300\" height=\"200\" data-src=\"https:\/\/informaviaggi.noleggioauto.it\/wp-content\/uploads\/2015\/10\/Stroppo1.jpg\" class=\"attachment-thumbnail size-thumbnail lazyload\" alt=\"\" src=\"data:image\/svg+xml;base64,PHN2ZyB3aWR0aD0iMSIgaGVpZ2h0PSIxIiB4bWxucz0iaHR0cDovL3d3dy53My5vcmcvMjAwMC9zdmciPjwvc3ZnPg==\" style=\"--smush-placeholder-width: 300px; --smush-placeholder-aspect-ratio: 300\/200;\" \/>\n\t\t\t<\/div><\/figure><figure class='gallery-item'>\n\t\t\t<div class='gallery-icon portrait'>\n\t\t\t\t<img decoding=\"async\" width=\"225\" height=\"300\" data-src=\"https:\/\/informaviaggi.noleggioauto.it\/wp-content\/uploads\/2015\/10\/rsz_cuneo_piazza_galimberti.jpg\" class=\"attachment-thumbnail size-thumbnail lazyload\" alt=\"\" src=\"data:image\/svg+xml;base64,PHN2ZyB3aWR0aD0iMSIgaGVpZ2h0PSIxIiB4bWxucz0iaHR0cDovL3d3dy53My5vcmcvMjAwMC9zdmciPjwvc3ZnPg==\" style=\"--smush-placeholder-width: 225px; --smush-placeholder-aspect-ratio: 225\/300;\" \/>\n\t\t\t<\/div><\/figure><figure class='gallery-item'>\n\t\t\t<div class='gallery-icon landscape'>\n\t\t\t\t<img decoding=\"async\" width=\"300\" height=\"225\" data-src=\"https:\/\/informaviaggi.noleggioauto.it\/wp-content\/uploads\/2015\/10\/Cuneo-via-Roma-2.jpg\" class=\"attachment-thumbnail size-thumbnail lazyload\" alt=\"\" src=\"data:image\/svg+xml;base64,PHN2ZyB3aWR0aD0iMSIgaGVpZ2h0PSIxIiB4bWxucz0iaHR0cDovL3d3dy53My5vcmcvMjAwMC9zdmciPjwvc3ZnPg==\" style=\"--smush-placeholder-width: 300px; --smush-placeholder-aspect-ratio: 300\/225;\" \/>\n\t\t\t<\/div><\/figure><figure class='gallery-item'>\n\t\t\t<div class='gallery-icon landscape'>\n\t\t\t\t<img decoding=\"async\" width=\"300\" height=\"225\" data-src=\"https:\/\/informaviaggi.noleggioauto.it\/wp-content\/uploads\/2015\/10\/Copia-di-Saluzzo-ph.-Chiara-Boetti-33.jpg\" class=\"attachment-thumbnail size-thumbnail lazyload\" alt=\"\" src=\"data:image\/svg+xml;base64,PHN2ZyB3aWR0aD0iMSIgaGVpZ2h0PSIxIiB4bWxucz0iaHR0cDovL3d3dy53My5vcmcvMjAwMC9zdmciPjwvc3ZnPg==\" style=\"--smush-placeholder-width: 300px; --smush-placeholder-aspect-ratio: 300\/225;\" \/>\n\t\t\t<\/div><\/figure><figure class='gallery-item'>\n\t\t\t<div class='gallery-icon portrait'>\n\t\t\t\t<img decoding=\"async\" width=\"225\" height=\"300\" data-src=\"https:\/\/informaviaggi.noleggioauto.it\/wp-content\/uploads\/2015\/10\/Saluzzo-ph.-Chiara-Boetti-1.jpg\" class=\"attachment-thumbnail size-thumbnail lazyload\" alt=\"cuneo\" src=\"data:image\/svg+xml;base64,PHN2ZyB3aWR0aD0iMSIgaGVpZ2h0PSIxIiB4bWxucz0iaHR0cDovL3d3dy53My5vcmcvMjAwMC9zdmciPjwvc3ZnPg==\" style=\"--smush-placeholder-width: 225px; --smush-placeholder-aspect-ratio: 225\/300;\" \/>\n\t\t\t<\/div><\/figure>\n\t\t<\/div>\n\n<p style=\"text-align: justify;\">La provincia di Cuneo \u00e8 la terza in Italia per estensione, per questo \u00e8 conosciuta anche come La Granda. Un territorio cos\u00ec vasto presenta una grande variet\u00e0 di paesaggi e, di conseguenza, un\u2019altrettanta variet\u00e0 di attrattive turistiche: montagna, pianura, collina e ancora castelli, residenze sabaude, ville signorili, forti e musei. Una peculiarit\u00e0 che vanta la Cuneo \u00e8 la sua posizione favorevole per raggiungere in breve tempo sia il mare (Liguria e Costa Azzurra) che la montagna. Che dire\u2026 venite a scoprirci! Tutte le informazioni su <a href=\"https:\/\/www.noleggioauto.it\/cuneo\/\" target=\"_blank\" rel=\"noopener nofollow\">Cuneo<\/a> e la sua provincia le potete trovare al portale <a href=\"http:\/\/www.cuneoholiday.com\/\" target=\"_blank\" rel=\"noopener nofollow\">Cuneoholiday.com<\/a>.<\/p>\n<p><img decoding=\"async\" class=\"aligncenter wp-image-2916 lazyload\" data-src=\"https:\/\/www.noleggioauto.it\/informaviaggi\/wp-content\/uploads\/2015\/10\/borgo2bis.jpg\" alt=\"cuneo\" width=\"640\" height=\"403\" src=\"data:image\/svg+xml;base64,PHN2ZyB3aWR0aD0iMSIgaGVpZ2h0PSIxIiB4bWxucz0iaHR0cDovL3d3dy53My5vcmcvMjAwMC9zdmciPjwvc3ZnPg==\" style=\"--smush-placeholder-width: 640px; --smush-placeholder-aspect-ratio: 640\/403;\" \/><\/p>\n","protected":false},"excerpt":{"rendered":"<p>Cuneo \u00e8 un gioiello protetto da un ventaglio di splendide vallate, scopribili attraverso un ampio percorso ad anello. Il punto di partenza non pu\u00f2&#8230;<\/p>\n","protected":false},"author":4,"featured_media":2899,"comment_status":"open","ping_status":"open","sticky":false,"template":"","format":"standard","meta":{"advanced_seo_description":"","jetpack_seo_html_title":"","jetpack_seo_noindex":false,"_jetpack_memberships_contains_paid_content":false,"footnotes":""},"categories":[54],"tags":[478,569,391],"class_list":["post-2894","post","type-post","status-publish","format-standard","has-post-thumbnail","hentry","category-italiaontheroad","tag-italiaontheroad","tag-cuneo","tag-piemonte","post-item","post-even"],"jetpack_featured_media_url":"https:\/\/informaviaggi.noleggioauto.it\/wp-content\/uploads\/2015\/10\/Cuneo-Piazza-Galimberti_006_b.jpg","jetpack_sharing_enabled":true,"_links":{"self":[{"href":"https:\/\/www.noleggioauto.it\/informaviaggi\/wp-json\/wp\/v2\/posts\/2894","targetHints":{"allow":["GET"]}}],"collection":[{"href":"https:\/\/www.noleggioauto.it\/informaviaggi\/wp-json\/wp\/v2\/posts"}],"about":[{"href":"https:\/\/www.noleggioauto.it\/informaviaggi\/wp-json\/wp\/v2\/types\/post"}],"author":[{"embeddable":true,"href":"https:\/\/www.noleggioauto.it\/informaviaggi\/wp-json\/wp\/v2\/users\/4"}],"replies":[{"embeddable":true,"href":"https:\/\/www.noleggioauto.it\/informaviaggi\/wp-json\/wp\/v2\/comments?post=2894"}],"version-history":[{"count":9,"href":"https:\/\/www.noleggioauto.it\/informaviaggi\/wp-json\/wp\/v2\/posts\/2894\/revisions"}],"predecessor-version":[{"id":6008,"href":"https:\/\/www.noleggioauto.it\/informaviaggi\/wp-json\/wp\/v2\/posts\/2894\/revisions\/6008"}],"wp:featuredmedia":[{"embeddable":true,"href":"https:\/\/www.noleggioauto.it\/informaviaggi\/wp-json\/wp\/v2\/media\/2899"}],"wp:attachment":[{"href":"https:\/\/www.noleggioauto.it\/informaviaggi\/wp-json\/wp\/v2\/media?parent=2894"}],"wp:term":[{"taxonomy":"category","embeddable":true,"href":"https:\/\/www.noleggioauto.it\/informaviaggi\/wp-json\/wp\/v2\/categories?post=2894"},{"taxonomy":"post_tag","embeddable":true,"href":"https:\/\/www.noleggioauto.it\/informaviaggi\/wp-json\/wp\/v2\/tags?post=2894"}],"curies":[{"name":"wp","href":"https:\/\/api.w.org\/{rel}","templated":true}]}}