{"id":2993,"date":"2015-10-29T11:21:37","date_gmt":"2015-10-29T11:21:37","guid":{"rendered":"http:\/\/www.noleggioauto.it\/informaviaggi\/?p=2993"},"modified":"2016-04-01T05:45:38","modified_gmt":"2016-04-01T05:45:38","slug":"mantova-capitale-cultura-2016","status":"publish","type":"post","link":"https:\/\/www.noleggioauto.it\/informaviaggi\/mantova-capitale-cultura-2016\/","title":{"rendered":"Mantova, Capitale Italiana della Cultura 2016"},"content":{"rendered":"<p>La notizia \u00e8 fresca di settimana: <strong><a href=\"https:\/\/www.noleggioauto.it\/mantova\" target=\"_blank\" rel=\"nofollow\">Mantova<\/a> <\/strong>\u00e8 la capitale italiana della cultura per il 2016. Il vincitore di questo importante riconoscimento riceve un milione di euro da investire per il progetto presentato in sede di concorso. Il progetto rappresenta un lungo percorso che partir\u00e0 dalla creazione di una rete museale diffusa nel tessuto urbano, per creare una nuova e pi\u00f9 capillare relazione tra la storia e la cultura della citt\u00e0 e la citt\u00e0 stessa, con un&#8217;attenzione particolare ai nuovi servizi digitali; un secondo passo sar\u00e0 quello di fornire sostegno all&#8217;enogastronomia locale, in particolare alle imprese nate da iniziative giovanili e agli <em>hub<\/em> creativi che sono andati creandosi. Nel 2017, inoltre, la Lombardia Orientale (che comprende, oltre Mantova, anche <a href=\"https:\/\/www.noleggioauto.it\/bergamo\" target=\"_blank\" rel=\"nofollow\">Bergamo<\/a>, <a href=\"https:\/\/www.noleggioauto.it\/brescia\" target=\"_blank\" rel=\"nofollow\">Brescia<\/a> e <a href=\"https:\/\/www.noleggioauto.it\/cremona\" target=\"_blank\" rel=\"nofollow\">Cremona<\/a>) sar\u00e0 &#8220;capitale europea dell&#8217;Enogastronomia&#8221;. Infine, il progetto di capitale della cultura sfocer\u00e0 nella ventesima edizione dell&#8217;apprezzatissimo Festivalletteratura e nei festeggiamenti del centocinquantenario della Mantova italiana e risorgimentale. Un grande piano di promozione e rinnovamento che proietter\u00e0 il capoluogo lombardo nel novero della grandi citt\u00e0 della cultura italiana.<\/p>\n<p>&nbsp;<\/p>\n<h2>La citt\u00e0<\/h2>\n<p>&nbsp;<\/p>\n<p><img decoding=\"async\" class=\"aligncenter size-full wp-image-3000 lazyload\" data-src=\"https:\/\/www.noleggioauto.it\/informaviaggi\/wp-content\/uploads\/2015\/10\/Aerial_view_of_Mantova_Lombardy.jpg\" alt=\"mantova\" width=\"640\" height=\"428\" src=\"data:image\/svg+xml;base64,PHN2ZyB3aWR0aD0iMSIgaGVpZ2h0PSIxIiB4bWxucz0iaHR0cDovL3d3dy53My5vcmcvMjAwMC9zdmciPjwvc3ZnPg==\" style=\"--smush-placeholder-width: 640px; --smush-placeholder-aspect-ratio: 640\/428;\" \/><\/p>\n<p>Citt\u00e0 anticamente etrusca e in seguito abitata dai celti, Mantova \u00e8 celebre per essere la patria del poeta Virgilio, autore dell&#8217;Eneide, in epoca romana; e di essere stata governata da Matilde di Canossa, figura centrale del Basso Medioevo italiano. In seguito alla sua morte nel 1115, Mantova fu terra contesa fino alla seconda met\u00e0 del 1200, quando il potere fu nelle mani della famiglia Bonacolsi, scalzata poi dai Gonzaga nei primi decenni del secolo successivo. I Gonzaga furono al governo della citt\u00e0 fino al 1707, durante il quale resero la citt\u00e0 uno dei primi poli culturali europei e una delle maggiori citt\u00e0 rinascimentali italiane. Il declino del prestigio cittadino cominci\u00f2 nel 1630, quando i Lanzichenecchi saccheggiarono Mantova e portarono il contagio della peste. Nel 1866, in seguito al passaggio della citt\u00e0 in mani francesi e in mani austriache, finamente si un\u00ec al nascente Stato Italiano.<\/p>\n<p>&nbsp;<\/p>\n<h2>Le maggiori attrazioni<\/h2>\n<p><img decoding=\"async\" class=\"aligncenter size-full wp-image-2999 lazyload\" data-src=\"https:\/\/www.noleggioauto.it\/informaviaggi\/wp-content\/uploads\/2015\/10\/640px-MANTOVApiazzaerbe.jpg\" alt=\"mantova\" width=\"640\" height=\"244\" src=\"data:image\/svg+xml;base64,PHN2ZyB3aWR0aD0iMSIgaGVpZ2h0PSIxIiB4bWxucz0iaHR0cDovL3d3dy53My5vcmcvMjAwMC9zdmciPjwvc3ZnPg==\" style=\"--smush-placeholder-width: 640px; --smush-placeholder-aspect-ratio: 640\/244;\" \/><\/p>\n<p>Mantova \u00e8 entrata a far parte dei Patrimoni Mondiali dell&#8217;Umanit\u00e0 UNESCO nel 2008. Tra i suoi tratti pi\u00f9 distintivi, ricordiamo la sua <em>silouhette <\/em>riflessa sulle acque del Lago Inferiore, visibile dal ponte di San Giorgio, soggetto di mille foto da cartolina. Entrando in citt\u00e0, i 34 mila metri quadrati del Palazzo Ducale rappresentano uno dei pi\u00f9 grandi edifici monumentali d&#8217;Europa e uno dei musei pi\u00f9 visitati in Italia. all&#8217;interno del Museo Archeologico, \u00e8 custodito un reperto unico al momento: gli amanti di Valdaro, gli scheletri di una coppia di uomini neolitici nell&#8217;atto di abbracciarsi, e definiti i &#8220;Romeo e Giulietta&#8221; della Preistoria . Passeggiando senza fretta nel centro storico, inoltre, si possono ammirare alcuni dei palazzi nobiliari pi\u00f9 prestigiosi della citt\u00e0, come Palazzo Podest\u00e0 o Palazzo della Ragione (con il suo famoso orologio astronomico). I punti di vista privilegiati per ammirare la citt\u00e0 sono le piazze: le pi\u00f9 famose sono quella delle Erbe, Piazza Sordello, Piazza Broletto e quella del Mantegna. Parlando di Mantegna, artista decisivo per la citt\u00e0: il suo sepolcro \u00e8 custodito nella bellissima Basilica di Sant&#8217;Andrea. La tradizione vuole che all&#8217;interno della chiesa sia custodito il sangue di Cristo raccolto dalla lancia del soldato Longino. All&#8217;interno di uno degli edifici pi\u00f9 importanti della citt\u00e0, Palazzo Te (punto di riferimento per la futura rete museale, secondo il progetto &#8220;Capitale italiana della cultura&#8221;) ospita gli affreschi di un altro importantissimo pittore italiano, Giulio Romano. Poco distante da Piazza Sordello, si trova il Teatro Bibiena, capolavoro di architettura barocca. Infine, nel centro storico, troviamo il Castello di San Giorgio. Esso ospita una delle pi\u00f9 importanti opere d&#8217;arte italiane: la Camera degli Sposi, affrescata dal Mantegna (gi\u00e0 visto a <a href=\"https:\/\/www.noleggioauto.it\/padova\" target=\"_blank\" rel=\"nofollow\">Padova<\/a>, in uno <a href=\"https:\/\/www.noleggioauto.it\/informaviaggi\/padova-antichita-prestigio-e-continuita\/\" target=\"_blank\" rel=\"nofollow\">dei nostri ultimi articoli<\/a>).<\/p>\n<p><img decoding=\"async\" class=\"aligncenter size-full wp-image-3001 lazyload\" data-src=\"https:\/\/www.noleggioauto.it\/informaviaggi\/wp-content\/uploads\/2015\/10\/640px-Andrea_Mantegna_115.jpg\" alt=\"mantova\" width=\"640\" height=\"480\" src=\"data:image\/svg+xml;base64,PHN2ZyB3aWR0aD0iMSIgaGVpZ2h0PSIxIiB4bWxucz0iaHR0cDovL3d3dy53My5vcmcvMjAwMC9zdmciPjwvc3ZnPg==\" style=\"--smush-placeholder-width: 640px; --smush-placeholder-aspect-ratio: 640\/480;\" \/><\/p>\n<p>Una citt\u00e0, Mantova, che ha sempre avuto profondo rispetto e cura delle proprie tradizioni e del proprio patrimonio artistico e culturale. Anche a tavola: vi consigliamo di accompagnare il vostro viaggio con la degustazione di alcune delle maggiori specialit\u00e0 locali, quali il risotto; i tortell di zucca; il luccio e il maiale; il Grana Padano e il Parmigiano Reggiano originali; la frutta, e tanto altro ancora&#8230;<\/p>\n<p><img decoding=\"async\" class=\"aligncenter size-full wp-image-3002 lazyload\" data-src=\"https:\/\/www.noleggioauto.it\/informaviaggi\/wp-content\/uploads\/2015\/10\/3868015603_c51ff9b6e3_z.jpg\" alt=\"mantova\" width=\"640\" height=\"427\" src=\"data:image\/svg+xml;base64,PHN2ZyB3aWR0aD0iMSIgaGVpZ2h0PSIxIiB4bWxucz0iaHR0cDovL3d3dy53My5vcmcvMjAwMC9zdmciPjwvc3ZnPg==\" style=\"--smush-placeholder-width: 640px; --smush-placeholder-aspect-ratio: 640\/427;\" \/><\/p>\n<h2><em>Vi \u00e8 piaciuta Mantova? Vi aspettiamo\u00a0 su <a href=\"https:\/\/www.noleggioauto.it\" target=\"_blank\" rel=\"nofollow\">Noleggioauto.it<\/a> per scegliere l&#8217;auto giusta con cui partire; e sulle nostre pagine <a href=\"https:\/\/www.facebook.com\/NoleggioAuto.it\" target=\"_blank\" rel=\"nofollow\">Facebook<\/a>, <a href=\"https:\/\/twitter.com\/informaviaggi\" target=\"_blank\" rel=\"nofollow\">Twitter<\/a> o <a href=\"https:\/\/plus.google.com\/+NoleggioautoIt\/posts\" target=\"_blank\" rel=\"nofollow\">Google+<\/a>, per conoscere i vostri racconti e consigli di viaggio!<\/em><\/h2>\n","protected":false},"excerpt":{"rendered":"<p>La notizia \u00e8 fresca di settimana: Mantova \u00e8 la capitale italiana della cultura per il 2016. Il vincitore di questo importante riconoscimento riceve un&#8230;<\/p>\n","protected":false},"author":4,"featured_media":2998,"comment_status":"open","ping_status":"open","sticky":false,"template":"","format":"standard","meta":{"advanced_seo_description":"","jetpack_seo_html_title":"","jetpack_seo_noindex":false,"_jetpack_memberships_contains_paid_content":false,"footnotes":""},"categories":[12],"tags":[571,396,540],"class_list":["post-2993","post","type-post","status-publish","format-standard","has-post-thumbnail","hentry","category-curiosita","tag-capitale-della-cultura","tag-lombardia","tag-mantova","post-item","post-even"],"jetpack_featured_media_url":"https:\/\/informaviaggi.noleggioauto.it\/wp-content\/uploads\/2015\/10\/Mantova_-_Profilo_di_Mantova.jpg","jetpack_sharing_enabled":true,"_links":{"self":[{"href":"https:\/\/www.noleggioauto.it\/informaviaggi\/wp-json\/wp\/v2\/posts\/2993","targetHints":{"allow":["GET"]}}],"collection":[{"href":"https:\/\/www.noleggioauto.it\/informaviaggi\/wp-json\/wp\/v2\/posts"}],"about":[{"href":"https:\/\/www.noleggioauto.it\/informaviaggi\/wp-json\/wp\/v2\/types\/post"}],"author":[{"embeddable":true,"href":"https:\/\/www.noleggioauto.it\/informaviaggi\/wp-json\/wp\/v2\/users\/4"}],"replies":[{"embeddable":true,"href":"https:\/\/www.noleggioauto.it\/informaviaggi\/wp-json\/wp\/v2\/comments?post=2993"}],"version-history":[{"count":7,"href":"https:\/\/www.noleggioauto.it\/informaviaggi\/wp-json\/wp\/v2\/posts\/2993\/revisions"}],"predecessor-version":[{"id":3710,"href":"https:\/\/www.noleggioauto.it\/informaviaggi\/wp-json\/wp\/v2\/posts\/2993\/revisions\/3710"}],"wp:featuredmedia":[{"embeddable":true,"href":"https:\/\/www.noleggioauto.it\/informaviaggi\/wp-json\/wp\/v2\/media\/2998"}],"wp:attachment":[{"href":"https:\/\/www.noleggioauto.it\/informaviaggi\/wp-json\/wp\/v2\/media?parent=2993"}],"wp:term":[{"taxonomy":"category","embeddable":true,"href":"https:\/\/www.noleggioauto.it\/informaviaggi\/wp-json\/wp\/v2\/categories?post=2993"},{"taxonomy":"post_tag","embeddable":true,"href":"https:\/\/www.noleggioauto.it\/informaviaggi\/wp-json\/wp\/v2\/tags?post=2993"}],"curies":[{"name":"wp","href":"https:\/\/api.w.org\/{rel}","templated":true}]}}