{"id":3395,"date":"2016-01-29T15:24:10","date_gmt":"2016-01-29T14:24:10","guid":{"rendered":"http:\/\/www.noleggioauto.it\/informaviaggi\/?p=3395"},"modified":"2017-01-24T10:35:20","modified_gmt":"2017-01-24T09:35:20","slug":"gli-eventi-di-febbraio-2016","status":"publish","type":"post","link":"https:\/\/www.noleggioauto.it\/informaviaggi\/gli-eventi-di-febbraio-2016\/","title":{"rendered":"Eventi nel mondo per il mese di febbraio"},"content":{"rendered":"<p>Colori, emozioni e tradizioni: prosegue il nostro viaggio in giro per il mondo. Febbraio, come di consuetudine, \u00e8 il mese dei carnevali: plurisecolari e sgargiantissimi, i festeggiamenti mascherati dei nostri giorni di carnevale attirano ed entusiasmano turisti da tutto il mondo. Tuttavia, c&#8217;\u00e8 un altro carnevale che ha pi\u00f9 fortuna di quelli nostrani e che anzi affascina entusiasma noi italiani che lo ammiriamo dall&#8217;altra parte dell&#8217;Atlantico: parliamo, naturalmente, del Carnevale di Rio. Intanto, negli altri angoli del mondo, si festeggiano l&#8217;arrivo della neve, il nuovo anno e la vendemmia: febbraio \u00e8 pur sempre il mese dei cambiamenti e delle trasformazioni.<\/p>\n<p>&nbsp;<\/p>\n<h2>Carnevale di Rio de Janeiro, Brasile<\/h2>\n<p><img decoding=\"async\" class=\"alignnone wp-image-3484 size-full lazyload\" data-src=\"https:\/\/www.noleggioauto.it\/informaviaggi\/wp-content\/uploads\/2016\/01\/rsz_calendario_20151109-20151213.jpg\" width=\"640\" height=\"425\" src=\"data:image\/svg+xml;base64,PHN2ZyB3aWR0aD0iMSIgaGVpZ2h0PSIxIiB4bWxucz0iaHR0cDovL3d3dy53My5vcmcvMjAwMC9zdmciPjwvc3ZnPg==\" style=\"--smush-placeholder-width: 640px; --smush-placeholder-aspect-ratio: 640\/425;\" \/><\/p>\n<p>Il carnevale pi\u00f9 famoso e festaiolo al mondo \u00e8 in realt\u00e0 una festivit\u00e0 di provenienza europea, derivato dai nostri carnevali storici ed &#8220;importato&#8221; in <a href=\"https:\/\/www.noleggioauto.it\/brasile\/\" target=\"_blank\" rel=\"nofollow\">Brasile<\/a> dalla borghesia brasiliana che andava e veniva dal nostro continente. I contenuti dei festeggiamenti, per\u00f2, sono tutti brasiliani: dalle danze sfrenati, alle regine della Samba ai &#8220;Re Momo&#8221;, i tradizionali padrini dei festeggiamenti di Rio, il carnevale \u00e8 diventato un grande contenitore di suggestioni e antiche simbolismi provenienti dal simbolismo e dalla mitologia popolare precristiana. Oggi \u00e8 un tripudio di colori, di musica, di balli: un festival dove scatenarsi e dove, attraverso la danza e gli eccessi, ci si libera del vecchio s\u00e9 per cominciare un nuovo anno liberi e spensierati.<\/p>\n<p>&nbsp;<\/p>\n<h2>I Carnevali italiani<\/h2>\n<p><img decoding=\"async\" class=\"alignnone size-full wp-image-4625 lazyload\" data-src=\"https:\/\/www.noleggioauto.it\/informaviaggi\/wp-content\/uploads\/2016\/01\/640px-Danza_del_Drago.jpg\" alt=\"Carnevale di Viareggio\" width=\"640\" height=\"426\" src=\"data:image\/svg+xml;base64,PHN2ZyB3aWR0aD0iMSIgaGVpZ2h0PSIxIiB4bWxucz0iaHR0cDovL3d3dy53My5vcmcvMjAwMC9zdmciPjwvc3ZnPg==\" style=\"--smush-placeholder-width: 640px; --smush-placeholder-aspect-ratio: 640\/426;\" \/><\/p>\n<p>Parleremo dei carnevali italiani pi\u00f9 diffusamente in un altro articolo. Qui ci basta segnalare che la tradizione storica dei nostri carnevali esercita una profonda e magnetica fascinazione anche al di fuori dei nostri confini. In testa alla lista dei numerosi modi in cui in Italia mettiamo in scena gli ultimi giorni prima della quaresima, sicuramente troviamo il millenario Carnevale di <a href=\"https:\/\/www.noleggioauto.it\/venezia\/\" target=\"_blank\" rel=\"nofollow\">Venezia<\/a> e le sue elegantissime maschere. Citiamo anche la buffa ricorrenza del Carnevale di Ivrea e la furibonda Battaglia delle Arance. Tra i carnevali provinciali &#8220;storici&#8221;, che vantano un grande numero di varianti, citiamo Viareggio in Toscana, Sciacca in Sicilia e Polignano in Puglia, celebri per le sfilate di grandi e curatissimi carri a sfondo satirico e allegorico, noti e apprezzati in tutta Europa.<\/p>\n<p>&nbsp;<\/p>\n<h2>Il Festival della neve di Sapporo, Giappone, 5-11 febbraio<\/h2>\n<p><img decoding=\"async\" class=\"aligncenter lazyload\" data-src=\"https:\/\/c1.staticflickr.com\/7\/6082\/6081276057_64f25120ec_z.jpg\" alt=\"febbraio\" width=\"640\" height=\"480\" src=\"data:image\/svg+xml;base64,PHN2ZyB3aWR0aD0iMSIgaGVpZ2h0PSIxIiB4bWxucz0iaHR0cDovL3d3dy53My5vcmcvMjAwMC9zdmciPjwvc3ZnPg==\" style=\"--smush-placeholder-width: 640px; --smush-placeholder-aspect-ratio: 640\/480;\" \/><\/p>\n<p>Giunto alla sessantasettesima edizione, il Festival della Neve di Sapporo \u00e8 un evento molto amato dal popolo giapponese, che si sposta in massa per assistere alla spettacolare esposizione di statue di ghiaccio, il cui centro principale \u00e8 il grande Odori Park di Sapporo e i suoi dodici isolati. L&#8217;esposizione \u00e8 davvero nutrita e conta di media un mezzo migliaio di sculture di ghiaccio, che spaziano da temi di fantasia, a celebri personaggi di <em>manga<\/em> e <em>anime<\/em>, a ritratti di personaggi famosi, fino alle ricostruzioni in scala dei pi\u00f9 famosi e grandi edifici nazionali e mondiali. Il tutto organizzato per garantire anche intrattenimento e sostentamento per i visitatori.<\/p>\n<p>&nbsp;<\/p>\n<h2>Il Capodanno Cinese, 8 febbraio<\/h2>\n<p><img decoding=\"async\" class=\"aligncenter lazyload\" data-src=\"https:\/\/upload.wikimedia.org\/wikipedia\/commons\/5\/5a\/Ke_Lok_Si_Illuminations_01.JPG\" alt=\"febbraio\" width=\"640\" height=\"480\" src=\"data:image\/svg+xml;base64,PHN2ZyB3aWR0aD0iMSIgaGVpZ2h0PSIxIiB4bWxucz0iaHR0cDovL3d3dy53My5vcmcvMjAwMC9zdmciPjwvc3ZnPg==\" style=\"--smush-placeholder-width: 640px; --smush-placeholder-aspect-ratio: 640\/480;\" \/><\/p>\n<p>I festeggiamenti del Nuovo Anno cinese sono tra i pi\u00f9 importanti in tutto il mondo e consistono in una lunga celebrazione, che copre l&#8217;arco di quindici giorni e che vanta un&#8217;enorme partecipazione popolare. Si tratta di una festa molto sentita e molto importante, con un calendario di rituali e consuetudini molto scandito. A seconda della nazione in cui esso \u00e8 festa nazionale; e cio\u00e8, oltre alla Cina, a Hong Kong, Macao, Taiwan, Singapore; e in Thailandia, Cambogia, Indonesia, Malesia; nelle Isole Mauritius e nelle Filippine, la festivit\u00e0 pu\u00f2 assumere vari nomi e la festa nazionale pu\u00f2 coprire l&#8217;ultimo o gli ultimi giorni dei quindici complessivi. Oltre ai famosissimi fuochi d&#8217;artificio e alle lanterne tipiche, immortalati in numerose pellicole cinematografiche, tradizionali sono anche lo scambio di doni, tra cui le Buste Rosse, e la Danza del Leone, la maschera tradizionale dal lungo strascico sotto cui si nascondo i suoi manovratori, e che serve a scongiurare gli spiriti maligni per l&#8217;arrivo del nuovo anno.<\/p>\n<p>&nbsp;<\/p>\n<h2>La festa della Vendemmia, Argentina, 28 febbraio &#8211; 8 marzo<\/h2>\n<p><img decoding=\"async\" class=\"aligncenter lazyload\" data-src=\"https:\/\/c2.staticflickr.com\/4\/3656\/3342908582_25a8d883cc_z.jpg?zz=1\" alt=\"febbraio\" width=\"640\" height=\"480\" src=\"data:image\/svg+xml;base64,PHN2ZyB3aWR0aD0iMSIgaGVpZ2h0PSIxIiB4bWxucz0iaHR0cDovL3d3dy53My5vcmcvMjAwMC9zdmciPjwvc3ZnPg==\" style=\"--smush-placeholder-width: 640px; --smush-placeholder-aspect-ratio: 640\/480;\" \/><\/p>\n<p>Di tanti altri eventi tradizionali e curiosi tenuti durante il mese di febbraio abbiamo scelto di parlarvi di questa che \u00e8 una delle feste pi\u00f9 sentite e pi\u00f9 vibranti in <a href=\"https:\/\/www.noleggioauto.it\/argentina\/\" target=\"_blank\" rel=\"nofollow\">Argentina<\/a>; e che in realt\u00e0 pu\u00f2 vantare anche una nutrita partecipazione di visitatori dal resto del mondo. Istituita ufficialmente nel 1936, figlia delle pi\u00f9 antiche festivit\u00e0 religiose argentine, oggi \u00e8 un grandissimo evento che pu\u00f2 vantare le sue parate e le sue regine alla pari del Carnevale di Rio; e che offre ai visitatori la possibilit\u00e0 di conoscere e degustare i prodotti vinicoli della pi\u00f9 importante provincia produttiva argentina in questo settore. La provincia di Mendoza, la cui estensione \u00e8 poco meno della met\u00e0 di quella italiana, si trova al confine con il Per\u00f9 e include la citt\u00e0 di Mendoza, una delle &#8220;nove capitali del vino&#8221;, e la famosa area del Cuyo (di cui vi abbiamo raccontato <a href=\"https:\/\/www.noleggioauto.it\/informaviaggi\/una-piccola-guida-dellargentina\/?utm_content=bufferc8e64&amp;utm_medium=social&amp;utm_source=twitter.com&amp;utm_campaign=buffer\" target=\"_blank\" rel=\"nofollow\">in un precedente articolo<\/a>). In ciascuno dei 18 dipartimenti provinciali \u00e8 possibile fare festa e assaggiare le specialit\u00e0 tipica della zona, da accompagnare con gli squisiti vini Malbec, Tempranillo, Cabernet Sauvignon e Chardonnay.<\/p>\n<p>&nbsp;<\/p>\n<h2><em>Quali sono le festivit\u00e0 che si celebrano a febbraio nelle vostre zone? Quali sono le feste alle quali vi piacerebbe partecipare almeno una volta nella vita? Condividete le vostre impressione sulle nostre pagine <a href=\"https:\/\/www.facebook.com\/NoleggioAuto.it\" target=\"_blank\" rel=\"nofollow\">Facebook<\/a>, <a href=\"https:\/\/twitter.com\/informaviaggi\" target=\"_blank\" rel=\"nofollow\">Twitter<\/a> o <a href=\"https:\/\/plus.google.com\/+NoleggioautoIt\/posts\" target=\"_blank\" rel=\"nofollow\">Google+<\/a>&#8230; vi aspettiamo!<\/em><\/h2>\n","protected":false},"excerpt":{"rendered":"<p>Colori, emozioni e tradizioni: prosegue il nostro viaggio in giro per il mondo. Febbraio, come di consuetudine, \u00e8 il mese dei carnevali: plurisecolari e&#8230;<\/p>\n","protected":false},"author":4,"featured_media":3494,"comment_status":"open","ping_status":"open","sticky":false,"template":"","format":"standard","meta":{"advanced_seo_description":"","jetpack_seo_html_title":"","jetpack_seo_noindex":false,"_jetpack_memberships_contains_paid_content":false,"footnotes":""},"categories":[11],"tags":[405,449,446,239,48],"class_list":["post-3395","post","type-post","status-publish","format-standard","has-post-thumbnail","hentry","category-eventi-nel-mondo","tag-argentina","tag-brasile","tag-cina","tag-giappone","tag-italia","post-item","post-even"],"jetpack_featured_media_url":"https:\/\/informaviaggi.noleggioauto.it\/wp-content\/uploads\/2016\/01\/Optimized-16046760574_eec5a352ec_k.jpg","jetpack_sharing_enabled":true,"_links":{"self":[{"href":"https:\/\/www.noleggioauto.it\/informaviaggi\/wp-json\/wp\/v2\/posts\/3395","targetHints":{"allow":["GET"]}}],"collection":[{"href":"https:\/\/www.noleggioauto.it\/informaviaggi\/wp-json\/wp\/v2\/posts"}],"about":[{"href":"https:\/\/www.noleggioauto.it\/informaviaggi\/wp-json\/wp\/v2\/types\/post"}],"author":[{"embeddable":true,"href":"https:\/\/www.noleggioauto.it\/informaviaggi\/wp-json\/wp\/v2\/users\/4"}],"replies":[{"embeddable":true,"href":"https:\/\/www.noleggioauto.it\/informaviaggi\/wp-json\/wp\/v2\/comments?post=3395"}],"version-history":[{"count":14,"href":"https:\/\/www.noleggioauto.it\/informaviaggi\/wp-json\/wp\/v2\/posts\/3395\/revisions"}],"predecessor-version":[{"id":4626,"href":"https:\/\/www.noleggioauto.it\/informaviaggi\/wp-json\/wp\/v2\/posts\/3395\/revisions\/4626"}],"wp:featuredmedia":[{"embeddable":true,"href":"https:\/\/www.noleggioauto.it\/informaviaggi\/wp-json\/wp\/v2\/media\/3494"}],"wp:attachment":[{"href":"https:\/\/www.noleggioauto.it\/informaviaggi\/wp-json\/wp\/v2\/media?parent=3395"}],"wp:term":[{"taxonomy":"category","embeddable":true,"href":"https:\/\/www.noleggioauto.it\/informaviaggi\/wp-json\/wp\/v2\/categories?post=3395"},{"taxonomy":"post_tag","embeddable":true,"href":"https:\/\/www.noleggioauto.it\/informaviaggi\/wp-json\/wp\/v2\/tags?post=3395"}],"curies":[{"name":"wp","href":"https:\/\/api.w.org\/{rel}","templated":true}]}}