{"id":4350,"date":"2016-09-22T16:41:02","date_gmt":"2016-09-22T16:41:02","guid":{"rendered":"http:\/\/www.noleggioauto.it\/informaviaggi\/?p=4350"},"modified":"2016-09-26T07:36:24","modified_gmt":"2016-09-26T07:36:24","slug":"citta-verdi-visitare-italia","status":"publish","type":"post","link":"https:\/\/www.noleggioauto.it\/informaviaggi\/citta-verdi-visitare-italia\/","title":{"rendered":"Le citt\u00e0 pi\u00f9 verdi da visitare in Italia"},"content":{"rendered":"<p>\u00c8 stato pubblicato nel 2016 il <strong>rapporto ISTAT sul Verde Urbano relativo all&#8217;anno 2014<\/strong>, volto a individuare le percentuali all&#8217;interno dei confini cittadini del verde a disposizione di ogni cittadino. Il verde urbano, in citt\u00e0, \u00e8 un elemento fondamentale e un indice di benessere: la possibilit\u00e0, infatti, di avere a disposizione di un piacevole spazio dove poter godere dell&#8217;aria pulita, dell&#8217;aria fresca e magari di un po&#8217; di quiete e di silenzio \u00e8 un toccasana per la salute e senz&#8217;altro un diritto di ciascuno, uno spazio dove mettere al primo posto la propria salute fisica e mentale. Possiamo dire pertanto che il maggior livello di verde urbano corrisponde immediatamente a una migliore qualit\u00e0 della vita? Non necessariamente: dipende dal tipo di verde che prendiamo in considerazione, se si tratta di un&#8217;area boschiva, di un giardino attrezzato, di arredo urbano o di verde incolto. Infine, quanto verde tocca a ciascuno di noi, in una data citt\u00e0? Tutte queste osservazioni e questi dati fanno parte del sondaggio, <a href=\"http:\/\/www.baiblog.it\/wp-content\/uploads\/2016\/09\/RAPPORTO-ISTAT-VERDE-URBANO.pdf\" target=\"_blank\" rel=\"nofollow\">consultabile online<\/a>, indetto da ISTAT, di cui noi osserveremo solo alcune delle sue conclusioni. Vediamo insieme quali sono le citt\u00e0 con la maggiore densit\u00e0 di verde urbano in Italia.<\/p>\n<p>&nbsp;<\/p>\n<h2>La statistica<\/h2>\n<p><img decoding=\"async\" class=\"alignnone lazyload\" data-src=\"https:\/\/gino.istat.it\/laureati\/front\/imgs\/Logo_a_colori_con_denominazione.jpg\" alt=\"Le citt\u00e0 pi\u00f9 verdi da visitare in Italia\" width=\"567\" height=\"286\" src=\"data:image\/svg+xml;base64,PHN2ZyB3aWR0aD0iMSIgaGVpZ2h0PSIxIiB4bWxucz0iaHR0cDovL3d3dy53My5vcmcvMjAwMC9zdmciPjwvc3ZnPg==\" style=\"--smush-placeholder-width: 567px; --smush-placeholder-aspect-ratio: 567\/286;\" \/><\/p>\n<p>Nel 2014, il verde urbano rappresenta il 2,7% del territorio dei capoluoghi di provincia. Ogni abitante dispone mediamente di 31,1 metri quadri di verde urbano. Le dotazioni pi\u00f9 elevate si rilevano tra le citt\u00e0 del Nord-est (50,1 metri quadri), pi\u00f9 che doppie rispetto a quelle del Centro, del Nord-ovest e delle Isole. Nel 17,2% delle citt\u00e0 la dotazione pro capite \u00e8 pari o superiore ai 50 metri quadri per abitante, mentre nel 16,4% non si raggiunge la soglia, prevista dalla norma, dei 9 metri quadri pro capite. Gli orti urbani, sono in continua crescita nelle citt\u00e0, attivati in 64 amministrazioni nel 2014 (+4,9% rispetto all&#8217;anno antecedente). Le aree del <em>verde storico<\/em> e dei <em>parchi ville e giardini di non comune bellezza<\/em>, che distinguono i paesaggi urbani nazionali, rappresentano in media circa un quarto del verde urbano, le <em>aree boschive<\/em> oltre il 20%, quelle a <em>verde attrezzato<\/em> il 14%, i <em>grandi parchi urbani<\/em> e le <em>aree di arredo<\/em> entrambe circa il 10%. Lo strumento di gestione del verde urbano pi\u00f9 utilizzato dalle amministrazioni \u00e8 il cosiddetto <em>censimento del verde<\/em> (lo realizzano circa 3 citt\u00e0 su quattro).<\/p>\n<p>&nbsp;<\/p>\n<h2><a href=\"https:\/\/www.noleggioauto.it\/pavia\" target=\"_blank\" rel=\"nofollow\">Pavia<\/a><\/h2>\n<p><img decoding=\"async\" class=\"alignnone lazyload\" data-src=\"https:\/\/upload.wikimedia.org\/wikipedia\/commons\/thumb\/6\/69\/Lombardia_Pavia2_tango7174.jpg\/640px-Lombardia_Pavia2_tango7174.jpg\" alt=\"Le citt\u00e0 pi\u00f9 verdi da visitare in Italia\" width=\"640\" height=\"457\" src=\"data:image\/svg+xml;base64,PHN2ZyB3aWR0aD0iMSIgaGVpZ2h0PSIxIiB4bWxucz0iaHR0cDovL3d3dy53My5vcmcvMjAwMC9zdmciPjwvc3ZnPg==\" style=\"--smush-placeholder-width: 640px; --smush-placeholder-aspect-ratio: 640\/457;\" \/><\/p>\n<p>La provincia lombarda di Pavia \u00e8 il primo dei comuni con la pi\u00f9 alta densit\u00e0 di verde urbano in Italia. La statistica dell&#8217;ISTAT \u00e8 molto precisa in merito: nel caso di questa citt\u00e0, come delle altre che visiteremo, si prendono in considerazione <em>tutte le tipologie di verde urbano<\/em>. Un record davvero importante, segno della cura e del rispetto che hanno l&#8217;amministrazione verso quella che \u00e8 una vera risorsa locale. Pavia non \u00e8 solo verde urbano, per\u00f2: \u00e8 una citt\u00e0 di storia e di arte, come buona tradizione di gran parte dei capoluoghi italiani. Quando vi trovate a Pavia, ricordatevi di andare a vedere il bellissimo Duomo dal caratteristico colore rosso, il Castello dei Visconti, la Basilica di San Michele Maggiore e quella di Santa Maria del Carmine; senza dimenticarvi di fare una passeggiata per il bellissimo e suggestivo centro storico.<\/p>\n<p>&nbsp;<\/p>\n<h2><a href=\"https:\/\/www.noleggioauto.it\/cremona\" target=\"_blank\" rel=\"nofollow\">Cremona<\/a><\/h2>\n<p><img decoding=\"async\" class=\"alignnone lazyload\" data-src=\"https:\/\/upload.wikimedia.org\/wikipedia\/commons\/thumb\/e\/e1\/Cremona_centro.jpg\/640px-Cremona_centro.jpg\" alt=\"Le citt\u00e0 pi\u00f9 verdi da visitare in Italia\" width=\"640\" height=\"379\" src=\"data:image\/svg+xml;base64,PHN2ZyB3aWR0aD0iMSIgaGVpZ2h0PSIxIiB4bWxucz0iaHR0cDovL3d3dy53My5vcmcvMjAwMC9zdmciPjwvc3ZnPg==\" style=\"--smush-placeholder-width: 640px; --smush-placeholder-aspect-ratio: 640\/379;\" \/><\/p>\n<p>Cremona \u00e8 il secondo comune con la pi\u00f9 alta densit\u00e0 di verde urbano in Italia. In particolare, Cremona si distingue per la sua alta <em>SAU <\/em>(Superficie Agricola Utilizzata). La citt\u00e0, inoltre, \u00e8 un piccolo gioiello che conserva ancora intatte alcune delle sue pi\u00f9 spettacolari testimonianze del suo passato medievale, a partire dal cosiddetto <em>Torrazzo<\/em>, simbolo della citt\u00e0, passando per il suo bellissimo Duomo con annesso Battistero; il suo Palazzo Comunale, immerso nella stupenda scenografia del suo centro storico. Inoltre, Cremona \u00e8 la citt\u00e0 del torrone e dei Marubini, simili ai tortellini. Infine, Cremona \u00e8 la citt\u00e0 dei violini e della liuteria in generale: ogni anno la citt\u00e0 ospita &#8220;Mondomusica&#8221;, una fiera di riferimento a livello mondiale per quanto riguarda i prodotti di liuteria e gli strumenti antichi.<\/p>\n<p>&nbsp;<\/p>\n<h2><a href=\"https:\/\/www.noleggioauto.it\/lodi\" target=\"_blank\" rel=\"nofollow\">Lodi<\/a><\/h2>\n<p><img decoding=\"async\" class=\"alignnone lazyload\" data-src=\"https:\/\/upload.wikimedia.org\/wikipedia\/commons\/thumb\/5\/56\/Piazza_duomo_lodi.jpg\/640px-Piazza_duomo_lodi.jpg\" alt=\"Le citt\u00e0 pi\u00f9 verdi da visitare in Italia\" width=\"640\" height=\"435\" src=\"data:image\/svg+xml;base64,PHN2ZyB3aWR0aD0iMSIgaGVpZ2h0PSIxIiB4bWxucz0iaHR0cDovL3d3dy53My5vcmcvMjAwMC9zdmciPjwvc3ZnPg==\" style=\"--smush-placeholder-width: 640px; --smush-placeholder-aspect-ratio: 640\/435;\" \/><\/p>\n<p>Lodi, similmente a Cremona, \u00e8 una delle citt\u00e0 con la pi\u00f9 alta densit\u00e0 di verde urbano in Italia in virt\u00f9 della sua alta percentuale di SAU, Superficie Agricola Utilizzata. La citt\u00e0, fondata il 3 agosto 1158 da Federico Barbarossa, \u00e8 diventato un fiorente centro rinascimentale. Unico nel suo genere, testimonianza di quell&#8217;epoca d&#8217;oro per la citt\u00e0, \u00e8 il Tempio Civico, il Santuario dell&#8217;Incoronata, spettacolare per le sue decorazioni interne in oro &#8211; e unico perch\u00e9 \u00e8 un edificio per il culto afferente al comune e non alla diocesi, com&#8217;\u00e8 di consuetudine con gli edifici di culto. La citt\u00e0 \u00e8 un piccolo scrigno di interessanti e sorprendenti bellezze artistiche e architettoniche, partendo dal Duomo, una delle chiese pi\u00f9 grandi della Lombardia, passando per la chiesa di San Francesco dalla peculiare facciata incompiuta, per lo stile rococ\u00f2 della chiesa di San Filippo; per arrivare ai palazzi nobiliari come Palazzo Broletto, Palazzo Vistarini e il Teatro delle Vigne. Senza dimenticare il Ponte sull&#8217;Adda, importantissima sede di numerose battaglie in epoca medievale e moderna.<\/p>\n<p>&nbsp;<\/p>\n<h2><a href=\"https:\/\/www.noleggioauto.it\/matera\" target=\"_blank\" rel=\"nofollow\">Matera<\/a><\/h2>\n<p><img decoding=\"async\" class=\"shrinkToFit alignright lazyload\" data-src=\"https:\/\/upload.wikimedia.org\/wikipedia\/commons\/thumb\/9\/91\/Gravine_di_Matera.jpg\/681px-Gravine_di_Matera.jpg\" alt=\"Le citt\u00e0 pi\u00f9 verdi da visitare in Italia\" width=\"250\" height=\"376\" src=\"data:image\/svg+xml;base64,PHN2ZyB3aWR0aD0iMSIgaGVpZ2h0PSIxIiB4bWxucz0iaHR0cDovL3d3dy53My5vcmcvMjAwMC9zdmciPjwvc3ZnPg==\" style=\"--smush-placeholder-width: 250px; --smush-placeholder-aspect-ratio: 250\/376;\" \/>Noi di Informaviaggi siamo particolarmente affezionati e a Matera; e vi abbiamo raccontato della citt\u00e0 <a href=\"https:\/\/www.noleggioauto.it\/informaviaggi\/tag\/matera\" target=\"_blank\" rel=\"nofollow\">in pi\u00f9 di un&#8217;occasione<\/a>. Ne approfittiamo ancora una volta, poich\u00e9 la citt\u00e0 Capitale Europea della Cultura nel 2019 \u00e8 anche una delle citt\u00e0 che pu\u00f2 vantare una delle pi\u00f9 alte densit\u00e0 di verde urbano assieme alle succitate Pavia, Cremona e Lodi, peraltro tutte in Lombardia. Le citt\u00e0 della Basilicata, al termine della rilevazione ISTAT, hanno dimostrato di essere un caso particolare nel panorama italiano e un&#8217;eccezione meritevole nel sud Italia: Potenza e Matera, infatti, contribuiscono significativamente all&#8217;aumento della percentuale di verde urbano pro capite nelle aree del Mezzogiorno, in virt\u00f9 della presenza dell\u2019Area Forestale Comunale della foresta della Pallareta nel primo caso; e del<br \/>\nParco Archeologico delle chiesi rupestri nel secondo. In particolare, il Parco Archeologico di Matera rappresenta la quasi totalit\u00e0 del verde urbano della citt\u00e0; e per queste ragioni anche un tesoro di grande valore per il panorama del territorio italiano.<\/p>\n<p>&nbsp;<\/p>\n<h2><em>Cosa ne pensate della situazione italiana del verde urbano? La citt\u00e0 in cui vivete \u00e8 abbastanza verde per voi? Qual \u00e8 la citt\u00e0 dalla natura pi\u00f9 accogliente che avete mai visitato? Condividete con noi le vostre impressioni e i vostri racconti sulle nostre pagine <a href=\"https:\/\/www.facebook.com\/NoleggioAuto.it\" target=\"_blank\" rel=\"nofollow\">Facebook<\/a>, <a href=\"https:\/\/twitter.com\/informaviaggi\" target=\"_blank\" rel=\"nofollow\">Twitter<\/a> e <a href=\"https:\/\/plus.google.com\/+NoleggioautoIt\/posts\" target=\"_blank\" rel=\"nofollow\">Google+<\/a>. Il prossimo appuntamento \u00e8 su <a href=\"https:\/\/www.noleggioauto.it\" target=\"_blank\" rel=\"nofollow\">Noleggioauto.it<\/a>, per organizzare il vostro prossimo itinerario&#8230; vi aspettiamo!<\/em><\/h2>\n<p>&nbsp;<\/p>\n","protected":false},"excerpt":{"rendered":"<p>\u00c8 stato pubblicato nel 2016 il rapporto ISTAT sul Verde Urbano relativo all&#8217;anno 2014, volto a individuare le percentuali all&#8217;interno dei confini cittadini del&#8230;<\/p>\n","protected":false},"author":4,"featured_media":4353,"comment_status":"open","ping_status":"open","sticky":false,"template":"","format":"standard","meta":{"advanced_seo_description":"","jetpack_seo_html_title":"","jetpack_seo_noindex":false,"_jetpack_memberships_contains_paid_content":false,"footnotes":""},"categories":[12],"tags":[712,548,709,710,192,711],"class_list":["post-4350","post","type-post","status-publish","format-standard","has-post-thumbnail","hentry","category-curiosita","tag-cremona","tag-curiosita","tag-istat","tag-lodi","tag-matera","tag-pavia","post-item","post-even"],"jetpack_featured_media_url":"https:\/\/informaviaggi.noleggioauto.it\/wp-content\/uploads\/2016\/09\/1200px-View_of_Matera_2.jpg","jetpack_sharing_enabled":true,"_links":{"self":[{"href":"https:\/\/www.noleggioauto.it\/informaviaggi\/wp-json\/wp\/v2\/posts\/4350","targetHints":{"allow":["GET"]}}],"collection":[{"href":"https:\/\/www.noleggioauto.it\/informaviaggi\/wp-json\/wp\/v2\/posts"}],"about":[{"href":"https:\/\/www.noleggioauto.it\/informaviaggi\/wp-json\/wp\/v2\/types\/post"}],"author":[{"embeddable":true,"href":"https:\/\/www.noleggioauto.it\/informaviaggi\/wp-json\/wp\/v2\/users\/4"}],"replies":[{"embeddable":true,"href":"https:\/\/www.noleggioauto.it\/informaviaggi\/wp-json\/wp\/v2\/comments?post=4350"}],"version-history":[{"count":9,"href":"https:\/\/www.noleggioauto.it\/informaviaggi\/wp-json\/wp\/v2\/posts\/4350\/revisions"}],"predecessor-version":[{"id":4360,"href":"https:\/\/www.noleggioauto.it\/informaviaggi\/wp-json\/wp\/v2\/posts\/4350\/revisions\/4360"}],"wp:featuredmedia":[{"embeddable":true,"href":"https:\/\/www.noleggioauto.it\/informaviaggi\/wp-json\/wp\/v2\/media\/4353"}],"wp:attachment":[{"href":"https:\/\/www.noleggioauto.it\/informaviaggi\/wp-json\/wp\/v2\/media?parent=4350"}],"wp:term":[{"taxonomy":"category","embeddable":true,"href":"https:\/\/www.noleggioauto.it\/informaviaggi\/wp-json\/wp\/v2\/categories?post=4350"},{"taxonomy":"post_tag","embeddable":true,"href":"https:\/\/www.noleggioauto.it\/informaviaggi\/wp-json\/wp\/v2\/tags?post=4350"}],"curies":[{"name":"wp","href":"https:\/\/api.w.org\/{rel}","templated":true}]}}