{"id":4767,"date":"2017-03-10T10:56:15","date_gmt":"2017-03-10T09:56:15","guid":{"rendered":"http:\/\/www.noleggioauto.it\/informaviaggi\/?p=4767"},"modified":"2017-03-16T09:54:57","modified_gmt":"2017-03-16T08:54:57","slug":"italiaontheroad-langa","status":"publish","type":"post","link":"https:\/\/www.noleggioauto.it\/informaviaggi\/italiaontheroad-langa\/","title":{"rendered":"#Italiaontheroad: la magia del turismo in Langa"},"content":{"rendered":"<p>In questo nuovo episodio di <strong>#Italiaontheroad<\/strong>, l&#8217;iniziativa di promozione del territorio italiano targata <a href=\"https:\/\/www.noleggioauto.it\" target=\"_blank\" rel=\"nofollow\">Noleggioauto.it<\/a>, torniamo a visitare la Langa,\u00a0la storica regione\u00a0del Piemonte a cavallo delle province di Cuneo e Asti. Ospite di questo episodio \u00e8 l&#8217;associazione\u00a0<strong><a href=\"http:\/\/www.turismoinlanga.it\" target=\"_blank\" rel=\"nofollow\">Turismoinlanga.it<\/a><\/strong> (<a href=\"https:\/\/www.facebook.com\/AssociazioneTurismoinLanga\/\" target=\"_blank\" rel=\"nofollow\">Facebook<\/a>, <a href=\"https:\/\/twitter.com\/TurismoinLanga\/\" target=\"_blank\" rel=\"nofollow\">Twitter<\/a>) che ci far\u00e0 da guida alla scoperta dei tesori nascosti della Langa.<\/p>\n<figure id=\"attachment_4771\" aria-describedby=\"caption-attachment-4771\" style=\"width: 640px\" class=\"wp-caption alignnone\"><img decoding=\"async\" class=\"wp-image-4771 lazyload\" data-src=\"https:\/\/www.noleggioauto.it\/informaviaggi\/wp-content\/uploads\/2017\/03\/14695343_10153829440791691_5299675000941848040_n.jpg\" alt=\"Italiaontheroad, turismo in Langa\" width=\"640\" height=\"480\" src=\"data:image\/svg+xml;base64,PHN2ZyB3aWR0aD0iMSIgaGVpZ2h0PSIxIiB4bWxucz0iaHR0cDovL3d3dy53My5vcmcvMjAwMC9zdmciPjwvc3ZnPg==\" style=\"--smush-placeholder-width: 640px; --smush-placeholder-aspect-ratio: 640\/480;\" \/><figcaption id=\"caption-attachment-4771\" class=\"wp-caption-text\">Foto: Turismoinlanga.it<\/figcaption><\/figure>\n<p><strong><em>On the road<\/em>: cosa \u00e8 assolutamente vietato perdersi una volta saliti in macchina?<\/strong><\/p>\n<p>Bisogna guardare fuori dal finestrino e non lasciarsi scappare niente: il paesaggio delle Langhe e del Roero \u00e8 magnifico in ogni sua parte: dalle <strong>colline vitate<\/strong> della Langa UNESCO ai <strong>boschi<\/strong> dell&#8217;Alta Langa, dalle <strong>rocche del Roero<\/strong> ai castelli sparsi un po&#8217; dappertutto. Ogni collina, ogni vallata, ogni paese ha la sua peculiarit\u00e0, e sta a voi cercarla e trovarla. Andando adagio, e fermandosi qua e l\u00e0, alla ricerca del bello e del buono.<\/p>\n<p>&nbsp;<\/p>\n<p><strong><em>L\u2019esperto suggerisce<\/em>: un tesoro nascosto che purtroppo solo i locali conoscono!<\/strong><\/p>\n<p>Il borgo antico di <strong>Monchiero alta<\/strong>: andateci, poi ci direte<\/p>\n<p>&nbsp;<\/p>\n<p><strong><em>Consigli sulla viabilit\u00e0<\/em>: quali sono le strade pi\u00f9 panoramiche da percorrere e quali invece da evitare per il traffico?<\/strong><\/p>\n<p>Sicuramente la strada che attraversa la<strong> langa del Barbaresco<\/strong>, da Alba a Neive, con deviazioni a perdersi per Treiso, Trezzo Tinella e Mango. Per il traffico, e per le brutture, evitate invece la statale che va da Bra ad Alba<\/p>\n<p><img decoding=\"async\" class=\"alignnone wp-image-4773 lazyload\" data-src=\"https:\/\/www.noleggioauto.it\/informaviaggi\/wp-content\/uploads\/2017\/03\/10671274_10152295209776691_195523383349165385_n.jpg\" alt=\"Italiaontheroad, turismo in Langa\" width=\"640\" height=\"424\" src=\"data:image\/svg+xml;base64,PHN2ZyB3aWR0aD0iMSIgaGVpZ2h0PSIxIiB4bWxucz0iaHR0cDovL3d3dy53My5vcmcvMjAwMC9zdmciPjwvc3ZnPg==\" style=\"--smush-placeholder-width: 640px; --smush-placeholder-aspect-ratio: 640\/424;\" \/><\/p>\n<p><strong><em>Se non ora quando?<\/em>: quali sono i migliori periodi dell\u2019anno per visitare la vostra zona?<\/strong><\/p>\n<p>L&#8217;<strong>autunno<\/strong>, senza dubbio, \u00e8 la stagione migliore, sia per i colori che la natura offre (i rossi, gli arancio, i marroni di alberi e viti; il blu del cielo), sia per le tipicit\u00e0 enogastronomiche che, proprio in autunno, danno il loro meglio: tartufi, vino, piatti autunnali, castagne&#8230; per\u00f2 \u00e8 anche la stagione pi\u00f9 affollata: quindi, se volete stare pi\u00f9 tranquilli, venite in <strong>primavera<\/strong>, magari a fine marzo, o anche a Natale, sotto la neve, quanfo ogni collina diventa un grande presepio<\/p>\n<p>&nbsp;<\/p>\n<p><strong><em>Usi e costumi<\/em>: quali feste tradizionali o sagre sono assolutamente imperdibili?<\/strong><\/p>\n<p>Quella del <strong>tartufo di Alba<\/strong> \u00e8 sicuramente la fiera pi\u00f9 importante della zona, e forse d&#8217;Italia. Ma non dimentichiamoci anche di piccole sagre locali dove l&#8217;atmosfera \u00e8 sicuramente pi\u00f9 tradizionale: la <strong>Sagra degli &#8220;In&#8221;<\/strong> a Cossano Belbo; il <strong>Cant\u00e8 j&#8217;euv<\/strong>\u00a0che cambia sede di anno in anno; la <strong>Festa della Trippa<\/strong> a Barolo o le tante feste patronali dell&#8217;Alta Langa. Tra le manifestazioni contemporanee mi permetto di citare la &#8220;<strong>Caccia al tesoro nella Langa del Barolo<\/strong>&#8220;, ogni primo maggio.<\/p>\n<figure id=\"attachment_4775\" aria-describedby=\"caption-attachment-4775\" style=\"width: 640px\" class=\"wp-caption alignnone\"><img decoding=\"async\" class=\"wp-image-4775 lazyload\" data-src=\"https:\/\/www.noleggioauto.it\/informaviaggi\/wp-content\/uploads\/2017\/03\/17022048_10154179691396691_1038225413965283876_n.jpg\" alt=\"Italiaontheroad, turismo in Langa\" width=\"640\" height=\"360\" src=\"data:image\/svg+xml;base64,PHN2ZyB3aWR0aD0iMSIgaGVpZ2h0PSIxIiB4bWxucz0iaHR0cDovL3d3dy53My5vcmcvMjAwMC9zdmciPjwvc3ZnPg==\" style=\"--smush-placeholder-width: 640px; --smush-placeholder-aspect-ratio: 640\/360;\" \/><figcaption id=\"caption-attachment-4775\" class=\"wp-caption-text\">Foto: Turismoinlanga.it<\/figcaption><\/figure>\n<p><strong><em>Pic-nic<\/em>: quali sono le specialit\u00e0 da gustare solo e soltanto nelle trattorie tipiche?<\/strong><\/p>\n<p>La <strong>carne cruda<\/strong>, i <strong>tajarin<\/strong>, la <strong>bagna caoda<\/strong> in stagione (verso l&#8217;inverno), il <strong>bunet<\/strong>, magari un <strong>fritto misto<\/strong> (non di pesce!). E ovviamente un buon <strong>vino rosso<\/strong> locale, non importa quale, sono tutti buoni.<\/p>\n<p>&nbsp;<\/p>\n<p><strong><em>Ultima offerta<\/em>: una particolarit\u00e0 che nessun\u2019altra regione italiana pu\u00f2 vantare!<\/strong><\/p>\n<p><strong>La particolarit\u00e0 \u00e8 l&#8217;insieme dei particolari<\/strong>: qui trovate, al massimo livello, <strong>tante piccole eccellenze<\/strong> che, riunite, non esistono da altre parti: cibo, vino, paesaggio, storia, arte, tradizioni, passione, colline, montagne, pianure&#8230; E a <strong>Mombarcaro<\/strong> si vede anche il mare!<\/p>\n<hr \/>\n<h2 class=\"m_2888372092692412103MsoListParagraph\"><em>Ringraziamo l&#8217;associazione Turismoinlanga.it\u00a0per averci raccontato i tesori nascosti della Langa!<\/em><\/h2>\n<h2><em>Ci vediamo\u00a0su <a href=\"https:\/\/www.noleggioauto.it\" target=\"_blank\" rel=\"nofollow\">Noleggioauto.it<\/a>\u00a0per organizzare il vostro prossimo\u00a0viaggio nelle Langhe!<\/em><\/h2>\n<h2><a href=\"https:\/\/www.noleggioauto.it\/destinazioni\/\" target=\"_blank\" rel=\"nofollow\"><img decoding=\"async\" class=\"alignnone wp-image-4591 lazyload\" data-src=\"https:\/\/www.noleggioauto.it\/informaviaggi\/wp-content\/uploads\/2017\/01\/prenota-ora.png\" alt=\"prenota ora su noleggioauto.it\" width=\"270\" height=\"87\" src=\"data:image\/svg+xml;base64,PHN2ZyB3aWR0aD0iMSIgaGVpZ2h0PSIxIiB4bWxucz0iaHR0cDovL3d3dy53My5vcmcvMjAwMC9zdmciPjwvc3ZnPg==\" style=\"--smush-placeholder-width: 270px; --smush-placeholder-aspect-ratio: 270\/87;\" \/><\/a><\/h2>\n","protected":false},"excerpt":{"rendered":"<p>In questo nuovo episodio di #Italiaontheroad, l&#8217;iniziativa di promozione del territorio italiano targata Noleggioauto.it, torniamo a visitare la Langa,\u00a0la storica regione\u00a0del Piemonte a cavallo&#8230;<\/p>\n","protected":false},"author":4,"featured_media":4769,"comment_status":"open","ping_status":"open","sticky":false,"template":"","format":"standard","meta":{"advanced_seo_description":"","jetpack_seo_html_title":"","jetpack_seo_noindex":false,"_jetpack_memberships_contains_paid_content":false,"footnotes":""},"categories":[54],"tags":[478,377,569,755,391],"class_list":["post-4767","post","type-post","status-publish","format-standard","has-post-thumbnail","hentry","category-italiaontheroad","tag-italiaontheroad","tag-alba","tag-cuneo","tag-langa","tag-piemonte","post-item","post-even"],"jetpack_featured_media_url":"https:\/\/informaviaggi.noleggioauto.it\/wp-content\/uploads\/2017\/03\/copertina-post.png","jetpack_sharing_enabled":true,"_links":{"self":[{"href":"https:\/\/www.noleggioauto.it\/informaviaggi\/wp-json\/wp\/v2\/posts\/4767","targetHints":{"allow":["GET"]}}],"collection":[{"href":"https:\/\/www.noleggioauto.it\/informaviaggi\/wp-json\/wp\/v2\/posts"}],"about":[{"href":"https:\/\/www.noleggioauto.it\/informaviaggi\/wp-json\/wp\/v2\/types\/post"}],"author":[{"embeddable":true,"href":"https:\/\/www.noleggioauto.it\/informaviaggi\/wp-json\/wp\/v2\/users\/4"}],"replies":[{"embeddable":true,"href":"https:\/\/www.noleggioauto.it\/informaviaggi\/wp-json\/wp\/v2\/comments?post=4767"}],"version-history":[{"count":6,"href":"https:\/\/www.noleggioauto.it\/informaviaggi\/wp-json\/wp\/v2\/posts\/4767\/revisions"}],"predecessor-version":[{"id":4791,"href":"https:\/\/www.noleggioauto.it\/informaviaggi\/wp-json\/wp\/v2\/posts\/4767\/revisions\/4791"}],"wp:featuredmedia":[{"embeddable":true,"href":"https:\/\/www.noleggioauto.it\/informaviaggi\/wp-json\/wp\/v2\/media\/4769"}],"wp:attachment":[{"href":"https:\/\/www.noleggioauto.it\/informaviaggi\/wp-json\/wp\/v2\/media?parent=4767"}],"wp:term":[{"taxonomy":"category","embeddable":true,"href":"https:\/\/www.noleggioauto.it\/informaviaggi\/wp-json\/wp\/v2\/categories?post=4767"},{"taxonomy":"post_tag","embeddable":true,"href":"https:\/\/www.noleggioauto.it\/informaviaggi\/wp-json\/wp\/v2\/tags?post=4767"}],"curies":[{"name":"wp","href":"https:\/\/api.w.org\/{rel}","templated":true}]}}