{"id":6219,"date":"2018-10-03T11:32:20","date_gmt":"2018-10-03T10:32:20","guid":{"rendered":"https:\/\/www.noleggioauto.it\/informaviaggi\/?p=6219"},"modified":"2018-10-04T13:34:52","modified_gmt":"2018-10-04T12:34:52","slug":"cosa-cambia-per-il-noleggio-auto-con-il-nuovo-decreto-sicurezza","status":"publish","type":"post","link":"https:\/\/www.noleggioauto.it\/informaviaggi\/cosa-cambia-per-il-noleggio-auto-con-il-nuovo-decreto-sicurezza\/","title":{"rendered":"Cosa cambia per il noleggio auto con il nuovo decreto sicurezza"},"content":{"rendered":"<p>Una norma studiata per scongiurare attacchi terroristici attraverso l\u2019uso di veicoli a noleggio lanciati sulla folla come quelli avvenuti a Nizza e Barcellona. La prevede il <strong>decreto legge sicurezza<\/strong> approvato dal Consiglio dei ministri, luned\u00ec 24 settembre e ora al vaglio della Presidenza della Repubblica.<\/p>\n<p>Stando al provvedimento prodotto dal Governo Conte \u00abi dati dei soggetti che noleggiano autoveicoli andranno previamente comunicati al Ced interforze per verificare eventuali situazioni di rischio\u00bb. In pratica <strong>il noleggiatore sar\u00e0 tenuto a comunicare alle Forze dell&#8217;Ordine le generalit\u00e0 delle persone che intendono effettuare il noleggio<\/strong> di un veicolo. Ci\u00f2 deve avvenire \u00abcon congruo anticipo rispetto al momento della consegna\u00bb. Il testo non specifica precisamente quanto prima, ma saranno i decreti attuativi successivi a stabilirlo.<\/p>\n<p><img decoding=\"async\" class=\"size-full wp-image-6233 aligncenter lazyload\" data-src=\"https:\/\/www.noleggioauto.it\/informaviaggi\/wp-content\/uploads\/2018\/10\/5892107417_bbfdd20cc2_b.jpg\" alt=\"\" width=\"1024\" height=\"575\" src=\"data:image\/svg+xml;base64,PHN2ZyB3aWR0aD0iMSIgaGVpZ2h0PSIxIiB4bWxucz0iaHR0cDovL3d3dy53My5vcmcvMjAwMC9zdmciPjwvc3ZnPg==\" style=\"--smush-placeholder-width: 1024px; --smush-placeholder-aspect-ratio: 1024\/575;\" \/><\/p>\n<p><strong>Le Forze dell&#8217;Ordine<\/strong> avranno cos\u00ec tempo e modo di verificare se un cliente che noleggia un veicolo abbia a suo carico condanne o segnalazioni relative all\u2019<strong>antiterrorismo<\/strong> ed in caso adottare le opportune precauzioni per salvaguardare la sicurezza.<\/p>\n<p><strong>Un provvedimento ben accolto dalle agenzie di noleggio<\/strong>, che da mesi lavorano in collaborazione con le forze di polizia proprio sul decreto sicurezza, ma che nel testo definitivo evidenzia un problema. Secondo Giuseppe Benincasa, segretario generale di <strong>Aniasa<\/strong>, l&#8217;associazione italiana delle aziende di autonoleggio, il provvedimento doveva riferirsi solo al noleggio dei veicoli commerciali, ovvero i furgoni, ma nel corso della stesura definitiva del provvedimento qualcuno ha sostituito alla dicitura &#8216;veicoli commerciali&#8217; quella di &#8216;autoveicoli\u2019. Un termine generico che si riferisce all\u2019intero universo di mezzi che possono essere noleggiati, da una piccola utilitaria ai camion.<\/p>\n<p><img decoding=\"async\" class=\"size-full wp-image-6222 aligncenter lazyload\" data-src=\"https:\/\/www.noleggioauto.it\/informaviaggi\/wp-content\/uploads\/2018\/10\/van.jpg\" alt=\"\" width=\"640\" height=\"426\" src=\"data:image\/svg+xml;base64,PHN2ZyB3aWR0aD0iMSIgaGVpZ2h0PSIxIiB4bWxucz0iaHR0cDovL3d3dy53My5vcmcvMjAwMC9zdmciPjwvc3ZnPg==\" style=\"--smush-placeholder-width: 640px; --smush-placeholder-aspect-ratio: 640\/426;\" \/><\/p>\n<p>Se nel caso di <strong>noleggio di un furgone<\/strong> \u00e8 previsto un tempo per verificare la disponibilit\u00e0 del mezzo e spiegare al cliente caratteristiche, funzionamento e modalit\u00e0 di carico del veicolo, nel caso delle semplici automobili il procedimento \u00e8 molto pi\u00f9 rapido. Il congruo anticipo richiesto dal decreto potrebbe rallentare le procedure abituali per il ritiro di una macchina a noleggio.<\/p>\n<p>Il segretario ha gi\u00e0 inviato le osservazioni dell\u2019ANIASA alle sedi istituzionali competenti, fiducioso di poter trovare una soluzione che vada bene a tutti.<\/p>\n","protected":false},"excerpt":{"rendered":"<p>Una norma studiata per scongiurare attacchi terroristici attraverso l\u2019uso di veicoli a noleggio lanciati sulla folla come quelli avvenuti a Nizza e Barcellona. La&#8230;<\/p>\n","protected":false},"author":5,"featured_media":6220,"comment_status":"open","ping_status":"open","sticky":false,"template":"","format":"standard","meta":{"advanced_seo_description":"","jetpack_seo_html_title":"","jetpack_seo_noindex":false,"_jetpack_memberships_contains_paid_content":false,"footnotes":""},"categories":[785],"tags":[899,400],"class_list":["post-6219","post","type-post","status-publish","format-standard","has-post-thumbnail","hentry","category-notizie","tag-decreto","tag-noleggio-auto","post-item","post-even"],"jetpack_featured_media_url":"https:\/\/informaviaggi.noleggioauto.it\/wp-content\/uploads\/2018\/10\/consigli-per-il-ritiro-dell-auto.jpg","jetpack_sharing_enabled":true,"_links":{"self":[{"href":"https:\/\/www.noleggioauto.it\/informaviaggi\/wp-json\/wp\/v2\/posts\/6219","targetHints":{"allow":["GET"]}}],"collection":[{"href":"https:\/\/www.noleggioauto.it\/informaviaggi\/wp-json\/wp\/v2\/posts"}],"about":[{"href":"https:\/\/www.noleggioauto.it\/informaviaggi\/wp-json\/wp\/v2\/types\/post"}],"author":[{"embeddable":true,"href":"https:\/\/www.noleggioauto.it\/informaviaggi\/wp-json\/wp\/v2\/users\/5"}],"replies":[{"embeddable":true,"href":"https:\/\/www.noleggioauto.it\/informaviaggi\/wp-json\/wp\/v2\/comments?post=6219"}],"version-history":[{"count":6,"href":"https:\/\/www.noleggioauto.it\/informaviaggi\/wp-json\/wp\/v2\/posts\/6219\/revisions"}],"predecessor-version":[{"id":6234,"href":"https:\/\/www.noleggioauto.it\/informaviaggi\/wp-json\/wp\/v2\/posts\/6219\/revisions\/6234"}],"wp:featuredmedia":[{"embeddable":true,"href":"https:\/\/www.noleggioauto.it\/informaviaggi\/wp-json\/wp\/v2\/media\/6220"}],"wp:attachment":[{"href":"https:\/\/www.noleggioauto.it\/informaviaggi\/wp-json\/wp\/v2\/media?parent=6219"}],"wp:term":[{"taxonomy":"category","embeddable":true,"href":"https:\/\/www.noleggioauto.it\/informaviaggi\/wp-json\/wp\/v2\/categories?post=6219"},{"taxonomy":"post_tag","embeddable":true,"href":"https:\/\/www.noleggioauto.it\/informaviaggi\/wp-json\/wp\/v2\/tags?post=6219"}],"curies":[{"name":"wp","href":"https:\/\/api.w.org\/{rel}","templated":true}]}}