{"id":6227,"date":"2018-10-08T09:08:24","date_gmt":"2018-10-08T08:08:24","guid":{"rendered":"https:\/\/www.noleggioauto.it\/informaviaggi\/?p=6227"},"modified":"2018-11-13T13:01:50","modified_gmt":"2018-11-13T12:01:50","slug":"lago-como-milano","status":"publish","type":"post","link":"https:\/\/www.noleggioauto.it\/informaviaggi\/lago-como-milano\/","title":{"rendered":"Local Guide: Schignano (CO) con l&#8217;Agriturismo Al-Marnich"},"content":{"rendered":"<p style=\"text-align: left;\">Quale miglior modo di scoprire un territorio che attraverso le parole di chi questo territorio lo vive tutti giorni? Informaviaggi \u00e8 andato a scovare le migliori strutture ricettive d&#8217;Italia per farsi raccontare le bellezze del luogo da albergatori e locandieri, trasformandoli in <strong>Local Guide &#8211; NoleggioAuto.it.<\/strong><\/p>\n<p><img decoding=\"async\" class=\"size-full wp-image-5766 aligncenter lazyload\" data-src=\"https:\/\/www.noleggioauto.it\/informaviaggi\/wp-content\/uploads\/2018\/06\/Local-Guide-Badge.png\" alt=\"\" width=\"377\" height=\"284\" src=\"data:image\/svg+xml;base64,PHN2ZyB3aWR0aD0iMSIgaGVpZ2h0PSIxIiB4bWxucz0iaHR0cDovL3d3dy53My5vcmcvMjAwMC9zdmciPjwvc3ZnPg==\" style=\"--smush-placeholder-width: 377px; --smush-placeholder-aspect-ratio: 377\/284;\" \/><\/p>\n<p>&nbsp;<\/p>\n<p>Grazie alle parole di chi lavora presso l&#8217;<a href=\"https:\/\/www.agriturismo-como.bio\/\" target=\"_blank\" rel=\"noopener nofollow\">agriturismo Al-Marnich<\/a> andremo a scoprire tutto ci\u00f2 che di imperdibile circonda il Lago di Como, uno dei pi\u00f9 belli e importanti del nostro paese.<\/p>\n<h2><strong>Cosa pu\u00f2 vantare il vostro agriturismo rispetto agli altri?<\/strong><\/h2>\n<p><img decoding=\"async\" class=\"alignnone size-full wp-image-6237 lazyload\" data-src=\"https:\/\/www.noleggioauto.it\/informaviaggi\/wp-content\/uploads\/2018\/10\/LAgriturismo-Benvenuti.jpg\" alt=\"\" width=\"2048\" height=\"1536\" src=\"data:image\/svg+xml;base64,PHN2ZyB3aWR0aD0iMSIgaGVpZ2h0PSIxIiB4bWxucz0iaHR0cDovL3d3dy53My5vcmcvMjAwMC9zdmciPjwvc3ZnPg==\" style=\"--smush-placeholder-width: 2048px; --smush-placeholder-aspect-ratio: 2048\/1536;\" \/><\/p>\n<p>La nostra struttura si trova in un&#8217;ottima posizione. Situata a pochi chilometri dal lago di Como occupa una posizione privilegiata per chiunque vuole godere delle bellezze naturali e non solo di questa zona. A 1 ora da Milano (Rho Fiera), a circa 45 minuti da Lugano (Svizzera) e dal casin\u00f2 di Campione d&#8217;Italia, a 25 minuti circa dalla bellissima Villa Balbianello (Lenno) e a 15 minuti circa, dallo splendido e romantico lago di Como (Argegno &#8211; un importante molo per il battello e l&#8217;aliscafo). In pi\u00f9 il nostro agriturismo \u00e8 immerso in un ambiente incontaminato che vi lascier\u00e0 piacevolemente sorpresi.<\/p>\n<h2><strong>Quali servizi offrite per viziare i clienti?<\/strong><\/h2>\n<p><img decoding=\"async\" class=\"alignnone size-full wp-image-6236 lazyload\" data-src=\"https:\/\/www.noleggioauto.it\/informaviaggi\/wp-content\/uploads\/2018\/10\/Camera-12-Scorcio-Caminetto.jpg\" alt=\"\" width=\"2018\" height=\"1536\" src=\"data:image\/svg+xml;base64,PHN2ZyB3aWR0aD0iMSIgaGVpZ2h0PSIxIiB4bWxucz0iaHR0cDovL3d3dy53My5vcmcvMjAwMC9zdmciPjwvc3ZnPg==\" style=\"--smush-placeholder-width: 2018px; --smush-placeholder-aspect-ratio: 2018\/1536;\" \/><\/p>\n<p>In alcune delle nostre camere i nostri clienti possono trovare il camino, una rarit\u00e0 che tutti apprezzano, per una serata romantica o in famiglia. Inoltre, andando nel pratico, il nostro agriturismo, in collaborazione con un&#8217;associazione organizza delle escursioni guidate nelle zone della Valle d&#8217;Intelvi e del Lago di Como. In ultimo l&#8217;Agriturismo Al-Marnich ha anche un ristorante che offre piatti tipici della zona preparati con grande qualit\u00e0.<\/p>\n<h2><strong>Da cosa restano pi\u00f9 sorpresi i vostri clienti?<\/strong><\/h2>\n<p><img decoding=\"async\" class=\"alignnone size-full wp-image-6238 lazyload\" data-src=\"https:\/\/www.noleggioauto.it\/informaviaggi\/wp-content\/uploads\/2018\/10\/Ristorante-Al-Marnich-Scorcio-Tavoli-e-Terrazzo.jpg\" alt=\"\" width=\"2048\" height=\"1536\" src=\"data:image\/svg+xml;base64,PHN2ZyB3aWR0aD0iMSIgaGVpZ2h0PSIxIiB4bWxucz0iaHR0cDovL3d3dy53My5vcmcvMjAwMC9zdmciPjwvc3ZnPg==\" style=\"--smush-placeholder-width: 2048px; --smush-placeholder-aspect-ratio: 2048\/1536;\" \/><\/p>\n<p>I nostri clienti rimangono sempre sorpresi dal panorama che possono godere dalle loro camere e dalla tranquillit\u00e0 della zona in cui si trova il nostro agriturismo, perfetto se cercate relax e contatto con la natura. Poi, come dicevamo certamente dalla nostra cucina, che propone cibi genuini preparati con ingredienti naturali tra tradizione e creativit\u00e0.<\/p>\n<h2><strong>Un segreto o un tesoro nascosto della vostra zona che solo i locali conoscono?<\/strong><\/h2>\n<p><img decoding=\"async\" class=\"alignnone size-full wp-image-6239 lazyload\" data-src=\"https:\/\/www.noleggioauto.it\/informaviaggi\/wp-content\/uploads\/2018\/10\/Ristorante-Al-Marnich-Crostate-e-Biscotti-Caserecci.jpg\" alt=\"\" width=\"2048\" height=\"1536\" src=\"data:image\/svg+xml;base64,PHN2ZyB3aWR0aD0iMSIgaGVpZ2h0PSIxIiB4bWxucz0iaHR0cDovL3d3dy53My5vcmcvMjAwMC9zdmciPjwvc3ZnPg==\" style=\"--smush-placeholder-width: 2048px; --smush-placeholder-aspect-ratio: 2048\/1536;\" \/><\/p>\n<p>Se amate camminare per i boschi e fare funghi, venite da noi. Possiamo indicarvi delle zone perfette per raccogliere i funghi porcini, che in questa zona sono buonissimi.<\/p>\n<h2><strong> Quali feste tradizionali o sagre sono assolutamente imperdibili nella vostra zona?<\/strong><\/h2>\n<p>Una festa da vivere \u00e8 quella di S.Giovanni (15 Agosto), che si svolge sull&#8217;Isola Comecina (l&#8217;unica isola del lago di Como), famosa per i suoi fuochi d&#8217;artificio. Un&#8217;altra \u00e8 il Carnevale di Schignano, che con le sue maschere originali e pittoresche, che \u00e8 tra i pi\u00f9 antichi del Mondo.<\/p>\n<h2><strong>Cosa offre il vostro territorio che nessun\u2019altro pu\u00f2 vantare?<\/strong><\/h2>\n<p>La variet\u00e0. Natura, cultura, tradizioni, ma anche attivit\u00e0 sportive: grazie al nostro agriturismo potrete praticare facilmente tennis e golf in strutture vicine.<\/p>\n<h2><strong>C\u2019\u00e8 qualcosa da aggiungere?<\/strong><\/h2>\n<p><img decoding=\"async\" class=\"alignnone size-full wp-image-6240 lazyload\" data-src=\"https:\/\/www.noleggioauto.it\/informaviaggi\/wp-content\/uploads\/2018\/10\/Al-Marnich-Vista-Panoramica-di-Schignano.jpg\" alt=\"\" width=\"2048\" height=\"1536\" src=\"data:image\/svg+xml;base64,PHN2ZyB3aWR0aD0iMSIgaGVpZ2h0PSIxIiB4bWxucz0iaHR0cDovL3d3dy53My5vcmcvMjAwMC9zdmciPjwvc3ZnPg==\" style=\"--smush-placeholder-width: 2048px; --smush-placeholder-aspect-ratio: 2048\/1536;\" \/><\/p>\n<p>Il nostro agriturismo \u00e8 facilmente raggiungibile in macchina, sia con un&#8217;auto di propriet\u00e0 che noleggiando a Milano, Como o Lugano.<\/p>\n<p>&nbsp;<\/p>\n<hr \/>\n<h2 class=\"m_2888372092692412103MsoListParagraph\"><em>Ringraziamo per averci raccontato la loro splendida zona.<br \/>\n<\/em><\/h2>\n<h2><em>Ci vediamo su <a href=\"https:\/\/www.noleggioauto.it\/milano\" target=\"_blank\" rel=\"nofollow\">noleggioauto.it<\/a> per organizzare il vostro prossimo viaggio al Lago di Como!<\/em><\/h2>\n<h2><a href=\"https:\/\/www.noleggioauto.it\/ferrara\/\" target=\"_blank\" rel=\"nofollow\"><img decoding=\"async\" class=\"alignnone wp-image-4591 lazyload\" data-src=\"https:\/\/www.noleggioauto.it\/informaviaggi\/wp-content\/uploads\/2017\/01\/prenota-ora.png\" alt=\"Prenota ora su Noleggioauto.it!\" width=\"270\" height=\"87\" src=\"data:image\/svg+xml;base64,PHN2ZyB3aWR0aD0iMSIgaGVpZ2h0PSIxIiB4bWxucz0iaHR0cDovL3d3dy53My5vcmcvMjAwMC9zdmciPjwvc3ZnPg==\" style=\"--smush-placeholder-width: 270px; --smush-placeholder-aspect-ratio: 270\/87;\" \/><\/a><\/h2>\n","protected":false},"excerpt":{"rendered":"<p>Quale miglior modo di scoprire un territorio che attraverso le parole di chi questo territorio lo vive tutti giorni? Informaviaggi \u00e8 andato a scovare&#8230;<\/p>\n","protected":false},"author":5,"featured_media":6249,"comment_status":"open","ping_status":"open","sticky":false,"template":"","format":"standard","meta":{"advanced_seo_description":"","jetpack_seo_html_title":"","jetpack_seo_noindex":false,"_jetpack_memberships_contains_paid_content":false,"footnotes":""},"categories":[869],"tags":[568,900,268],"class_list":["post-6227","post","type-post","status-publish","format-standard","has-post-thumbnail","hentry","category-local-guide-noleggioauto-it","tag-agriturismo","tag-lago-di-como","tag-milano","post-item","post-even"],"jetpack_featured_media_url":"https:\/\/informaviaggi.noleggioauto.it\/wp-content\/uploads\/2018\/10\/Al-Marnich-Panoramica-Generale-Edificio-Principale-1.jpg","jetpack_sharing_enabled":true,"_links":{"self":[{"href":"https:\/\/www.noleggioauto.it\/informaviaggi\/wp-json\/wp\/v2\/posts\/6227","targetHints":{"allow":["GET"]}}],"collection":[{"href":"https:\/\/www.noleggioauto.it\/informaviaggi\/wp-json\/wp\/v2\/posts"}],"about":[{"href":"https:\/\/www.noleggioauto.it\/informaviaggi\/wp-json\/wp\/v2\/types\/post"}],"author":[{"embeddable":true,"href":"https:\/\/www.noleggioauto.it\/informaviaggi\/wp-json\/wp\/v2\/users\/5"}],"replies":[{"embeddable":true,"href":"https:\/\/www.noleggioauto.it\/informaviaggi\/wp-json\/wp\/v2\/comments?post=6227"}],"version-history":[{"count":8,"href":"https:\/\/www.noleggioauto.it\/informaviaggi\/wp-json\/wp\/v2\/posts\/6227\/revisions"}],"predecessor-version":[{"id":6360,"href":"https:\/\/www.noleggioauto.it\/informaviaggi\/wp-json\/wp\/v2\/posts\/6227\/revisions\/6360"}],"wp:featuredmedia":[{"embeddable":true,"href":"https:\/\/www.noleggioauto.it\/informaviaggi\/wp-json\/wp\/v2\/media\/6249"}],"wp:attachment":[{"href":"https:\/\/www.noleggioauto.it\/informaviaggi\/wp-json\/wp\/v2\/media?parent=6227"}],"wp:term":[{"taxonomy":"category","embeddable":true,"href":"https:\/\/www.noleggioauto.it\/informaviaggi\/wp-json\/wp\/v2\/categories?post=6227"},{"taxonomy":"post_tag","embeddable":true,"href":"https:\/\/www.noleggioauto.it\/informaviaggi\/wp-json\/wp\/v2\/tags?post=6227"}],"curies":[{"name":"wp","href":"https:\/\/api.w.org\/{rel}","templated":true}]}}