{"id":6382,"date":"2018-11-29T10:30:33","date_gmt":"2018-11-29T09:30:33","guid":{"rendered":"https:\/\/www.noleggioauto.it\/informaviaggi\/?p=6382"},"modified":"2019-01-17T20:02:55","modified_gmt":"2019-01-17T19:02:55","slug":"local-guide-domaso","status":"publish","type":"post","link":"https:\/\/www.noleggioauto.it\/informaviaggi\/local-guide-domaso\/","title":{"rendered":"Local Guide: Domaso (CO) con il Camping Italia90"},"content":{"rendered":"<p style=\"text-align: left;\">Quale miglior modo di scoprire un territorio che attraverso le parole di chi questo territorio lo vive tutti giorni? Informaviaggi \u00e8 andato a scovare le migliori strutture ricettive d&#8217;Italia per farsi raccontare le bellezze del luogo da albergatori e locandieri, trasformandoli in <strong>Local Guide &#8211; NoleggioAuto.it.<\/strong><\/p>\n<p><img decoding=\"async\" class=\"size-full wp-image-5766 aligncenter lazyload\" data-src=\"https:\/\/www.noleggioauto.it\/informaviaggi\/wp-content\/uploads\/2018\/06\/Local-Guide-Badge.png\" alt=\"\" width=\"377\" height=\"284\" src=\"data:image\/svg+xml;base64,PHN2ZyB3aWR0aD0iMSIgaGVpZ2h0PSIxIiB4bWxucz0iaHR0cDovL3d3dy53My5vcmcvMjAwMC9zdmciPjwvc3ZnPg==\" style=\"--smush-placeholder-width: 377px; --smush-placeholder-aspect-ratio: 377\/284;\" \/><\/p>\n<p>&nbsp;<\/p>\n<p>Il Lago di Como \u00e8 un paradiso naturale che offre al tempo stesso svago, cultura ed eleganza. Siamo andati al <a href=\"https:\/\/www.campingitalia90.it\" target=\"_blank\" rel=\"nofollow\">Camping Italia 90<\/a>\u00a0situato il localit\u00e0 Domaso per scoprire cosa lo rende tanto speciale.<\/p>\n<h2><strong>Cosa pu\u00f2 vantare il vostro camping rispetto agli altri?<\/strong><\/h2>\n<p><img decoding=\"async\" class=\"alignnone size-full wp-image-6448 lazyload\" data-src=\"https:\/\/www.noleggioauto.it\/informaviaggi\/wp-content\/uploads\/2018\/11\/comer-see-domaso.jpg\" alt=\"\" width=\"1024\" height=\"360\" src=\"data:image\/svg+xml;base64,PHN2ZyB3aWR0aD0iMSIgaGVpZ2h0PSIxIiB4bWxucz0iaHR0cDovL3d3dy53My5vcmcvMjAwMC9zdmciPjwvc3ZnPg==\" style=\"--smush-placeholder-width: 1024px; --smush-placeholder-aspect-ratio: 1024\/360;\" \/><\/p>\n<p>I nostri alloggi sono situati a Domaso, sul meraviglioso lago di Como, e godono di una vista mozzafiato. Ma non solo: la loro posizione \u00e8 estremamente strategica. A un&#8217;ora e mezza di auto da Milano e Sant Moritz, un&#8217;ora da Como e da Lugano e 30minuti di navigazione da Bellagio.<br \/>\nLocalit\u00e0 non solo in grado di soddisfare interessi storici-artistici e culturali ma capaci di offrire molte attrazioni agli amanti dello sport e della vita all&#8217;area aperta, come windsurf, kitesurf, vela, sport acquatici in generale, mountain bike (nelle vicinanze la meravigliosa pista ciclabile lunga una cinquantina di chilometri), trekking adatto sia alle famiglie che ai pi\u00f9 esperti e temerari e voli in parapendio.<\/p>\n<h2><strong>Quali servizi offrite per viziare i clienti?<\/strong><\/h2>\n<div id='gallery-1' class='gallery galleryid-6382 gallery-columns-4 gallery-size-full'><figure class='gallery-item'>\n\t\t\t<div class='gallery-icon landscape'>\n\t\t\t\t<img decoding=\"async\" width=\"200\" height=\"200\" data-src=\"https:\/\/informaviaggi.noleggioauto.it\/wp-content\/uploads\/2018\/12\/foto-camera-no-18.jpg\" class=\"attachment-full size-full lazyload\" alt=\"\" src=\"data:image\/svg+xml;base64,PHN2ZyB3aWR0aD0iMSIgaGVpZ2h0PSIxIiB4bWxucz0iaHR0cDovL3d3dy53My5vcmcvMjAwMC9zdmciPjwvc3ZnPg==\" style=\"--smush-placeholder-width: 200px; --smush-placeholder-aspect-ratio: 200\/200;\" \/>\n\t\t\t<\/div><\/figure><figure class='gallery-item'>\n\t\t\t<div class='gallery-icon landscape'>\n\t\t\t\t<img decoding=\"async\" width=\"600\" height=\"592\" data-src=\"https:\/\/informaviaggi.noleggioauto.it\/wp-content\/uploads\/2018\/12\/161609894.jpg\" class=\"attachment-full size-full lazyload\" alt=\"\" src=\"data:image\/svg+xml;base64,PHN2ZyB3aWR0aD0iMSIgaGVpZ2h0PSIxIiB4bWxucz0iaHR0cDovL3d3dy53My5vcmcvMjAwMC9zdmciPjwvc3ZnPg==\" style=\"--smush-placeholder-width: 600px; --smush-placeholder-aspect-ratio: 600\/592;\" \/>\n\t\t\t<\/div><\/figure><figure class='gallery-item'>\n\t\t\t<div class='gallery-icon landscape'>\n\t\t\t\t<img decoding=\"async\" width=\"200\" height=\"200\" data-src=\"https:\/\/informaviaggi.noleggioauto.it\/wp-content\/uploads\/2018\/12\/133700139.jpg\" class=\"attachment-full size-full lazyload\" alt=\"\" src=\"data:image\/svg+xml;base64,PHN2ZyB3aWR0aD0iMSIgaGVpZ2h0PSIxIiB4bWxucz0iaHR0cDovL3d3dy53My5vcmcvMjAwMC9zdmciPjwvc3ZnPg==\" style=\"--smush-placeholder-width: 200px; --smush-placeholder-aspect-ratio: 200\/200;\" \/>\n\t\t\t<\/div><\/figure><figure class='gallery-item'>\n\t\t\t<div class='gallery-icon landscape'>\n\t\t\t\t<img decoding=\"async\" width=\"320\" height=\"171\" data-src=\"https:\/\/informaviaggi.noleggioauto.it\/wp-content\/uploads\/2018\/12\/131875715-320x171.jpg\" class=\"attachment-full size-full lazyload\" alt=\"\" src=\"data:image\/svg+xml;base64,PHN2ZyB3aWR0aD0iMSIgaGVpZ2h0PSIxIiB4bWxucz0iaHR0cDovL3d3dy53My5vcmcvMjAwMC9zdmciPjwvc3ZnPg==\" style=\"--smush-placeholder-width: 320px; --smush-placeholder-aspect-ratio: 320\/171;\" \/>\n\t\t\t<\/div><\/figure>\n\t\t<\/div>\n\n<p>La nostra e&#8217; un&#8217; ospitalita&#8217; all&#8217;insegna della cordialita&#8217; e disponibilita&#8217; in un contesto dove il relax del lago e del campeggio si affiancano ai comfort e ai servizi dei nostri bellissimi appartamenti e dei nostri bungalow e lodges &#8220;glam&#8221; di ultima generazione!<\/p>\n<h2><strong>Da cosa restano pi\u00f9 sorpresi i vostri clienti?<\/strong><\/h2>\n<p><img decoding=\"async\" class=\"alignnone size-full wp-image-6449 lazyload\" data-src=\"https:\/\/www.noleggioauto.it\/informaviaggi\/wp-content\/uploads\/2018\/11\/wb1-1.jpg\" alt=\"\" width=\"1280\" height=\"720\" src=\"data:image\/svg+xml;base64,PHN2ZyB3aWR0aD0iMSIgaGVpZ2h0PSIxIiB4bWxucz0iaHR0cDovL3d3dy53My5vcmcvMjAwMC9zdmciPjwvc3ZnPg==\" style=\"--smush-placeholder-width: 1280px; --smush-placeholder-aspect-ratio: 1280\/720;\" \/><\/p>\n<p>Il campeggio Italia 90 e\u2019 situato sulle sponde del lago di Como in Domaso, una delle localita\u2019 leader in Italia e in Europa per praticare windsurf, vela e altri sport nautici.Meta ideale anche per chi ama la tranquillit\u00e0. La lunga spiaggia offre infatti momenti di relax resi indimenticabili dalla cornice dei monti che circondano il paese.<\/p>\n<h2><strong>Un segreto o un tesoro nascosto della vostra zona che solo i locali conoscono?<\/strong><\/h2>\n<p>Domaso \u00e8 una cittadina incantevole dove spicca la cinquecentesca chiesa di San Bartolomeo impreziosita da importanti affreschi e tele tra cui una del Procaccini e la Villa Camilla edificata nel settecento e oggi sede municipale con un bel parco pieno di profumate piante.<\/p>\n<h2><strong> Quali feste tradizionali o sagre sono assolutamente imperdibili nella vostra zona?<\/strong><\/h2>\n<p><img decoding=\"async\" class=\"alignnone size-full wp-image-6450 lazyload\" data-src=\"https:\/\/www.noleggioauto.it\/informaviaggi\/wp-content\/uploads\/2018\/11\/foto-no-15.jpg\" alt=\"\" width=\"800\" height=\"360\" src=\"data:image\/svg+xml;base64,PHN2ZyB3aWR0aD0iMSIgaGVpZ2h0PSIxIiB4bWxucz0iaHR0cDovL3d3dy53My5vcmcvMjAwMC9zdmciPjwvc3ZnPg==\" style=\"--smush-placeholder-width: 800px; --smush-placeholder-aspect-ratio: 800\/360;\" \/><\/p>\n<p>Il 24 agosto si festeggia il patrono del comune, San Bartolomeo. Una festa da vivere \u00e8 quella di S.Giovanni (15 Agosto), che si svolge sull\u2019Isola Comecina (l\u2019unica isola del lago di Como), famosa per i suoi fuochi d\u2019artificio. Un\u2019altra \u00e8 il Carnevale di Schignano, che con le sue maschere originali e pittoresche, che \u00e8 tra i pi\u00f9 antichi del Mondo.<\/p>\n<h2><strong>Cosa offre il vostro territorio che nessun\u2019altro pu\u00f2 vantare?<\/strong><\/h2>\n<p>La possibilit\u00e0 di praticare sport acquatico con le migliori strutture in alcune location mozzafiato.<\/p>\n<h2><strong>C\u2019\u00e8 qualcosa da aggiungere?<\/strong><\/h2>\n<p>Venite da noi per passare un fine settimana o una breve vacanza sul meraviglioso lago di Como.<\/p>\n<hr \/>\n<h2 class=\"m_2888372092692412103MsoListParagraph\"><em>Ringraziamo il Camping Italia90 per averci raccontato la loro splendida zona.<br \/>\n<\/em><\/h2>\n<h2><em>Ci vediamo su <a href=\"https:\/\/www.noleggioauto.it\/como\" target=\"_blank\" rel=\"nofollow\">noleggioauto.it<\/a> per organizzare il vostro prossimo viaggio sul Lago di Como!<\/em><\/h2>\n<h2><a href=\"https:\/\/www.noleggioauto.it\/\" target=\"_blank\" rel=\"nofollow\"><img decoding=\"async\" class=\"aligncenter wp-image-4591 lazyload\" data-src=\"https:\/\/www.noleggioauto.it\/informaviaggi\/wp-content\/uploads\/2017\/01\/prenota-ora.png\" alt=\"Prenota ora su Noleggioauto.it!\" width=\"270\" height=\"87\" src=\"data:image\/svg+xml;base64,PHN2ZyB3aWR0aD0iMSIgaGVpZ2h0PSIxIiB4bWxucz0iaHR0cDovL3d3dy53My5vcmcvMjAwMC9zdmciPjwvc3ZnPg==\" style=\"--smush-placeholder-width: 270px; --smush-placeholder-aspect-ratio: 270\/87;\" \/><\/a><\/h2>\n","protected":false},"excerpt":{"rendered":"<p>Quale miglior modo di scoprire un territorio che attraverso le parole di chi questo territorio lo vive tutti giorni? Informaviaggi \u00e8 andato a scovare&#8230;<\/p>\n","protected":false},"author":5,"featured_media":6431,"comment_status":"open","ping_status":"open","sticky":false,"template":"","format":"standard","meta":{"advanced_seo_description":"","jetpack_seo_html_title":"","jetpack_seo_noindex":false,"_jetpack_memberships_contains_paid_content":false,"footnotes":""},"categories":[869],"tags":[917,619,900],"class_list":["post-6382","post","type-post","status-publish","format-standard","has-post-thumbnail","hentry","category-local-guide-noleggioauto-it","tag-camping","tag-como","tag-lago-di-como","post-item","post-even"],"jetpack_featured_media_url":"https:\/\/informaviaggi.noleggioauto.it\/wp-content\/uploads\/2018\/11\/copertina-italia90.jpg","jetpack_sharing_enabled":true,"_links":{"self":[{"href":"https:\/\/www.noleggioauto.it\/informaviaggi\/wp-json\/wp\/v2\/posts\/6382","targetHints":{"allow":["GET"]}}],"collection":[{"href":"https:\/\/www.noleggioauto.it\/informaviaggi\/wp-json\/wp\/v2\/posts"}],"about":[{"href":"https:\/\/www.noleggioauto.it\/informaviaggi\/wp-json\/wp\/v2\/types\/post"}],"author":[{"embeddable":true,"href":"https:\/\/www.noleggioauto.it\/informaviaggi\/wp-json\/wp\/v2\/users\/5"}],"replies":[{"embeddable":true,"href":"https:\/\/www.noleggioauto.it\/informaviaggi\/wp-json\/wp\/v2\/comments?post=6382"}],"version-history":[{"count":8,"href":"https:\/\/www.noleggioauto.it\/informaviaggi\/wp-json\/wp\/v2\/posts\/6382\/revisions"}],"predecessor-version":[{"id":6595,"href":"https:\/\/www.noleggioauto.it\/informaviaggi\/wp-json\/wp\/v2\/posts\/6382\/revisions\/6595"}],"wp:featuredmedia":[{"embeddable":true,"href":"https:\/\/www.noleggioauto.it\/informaviaggi\/wp-json\/wp\/v2\/media\/6431"}],"wp:attachment":[{"href":"https:\/\/www.noleggioauto.it\/informaviaggi\/wp-json\/wp\/v2\/media?parent=6382"}],"wp:term":[{"taxonomy":"category","embeddable":true,"href":"https:\/\/www.noleggioauto.it\/informaviaggi\/wp-json\/wp\/v2\/categories?post=6382"},{"taxonomy":"post_tag","embeddable":true,"href":"https:\/\/www.noleggioauto.it\/informaviaggi\/wp-json\/wp\/v2\/tags?post=6382"}],"curies":[{"name":"wp","href":"https:\/\/api.w.org\/{rel}","templated":true}]}}