{"id":6909,"date":"2019-09-18T10:10:23","date_gmt":"2019-09-18T09:10:23","guid":{"rendered":"https:\/\/www.noleggioauto.it\/informaviaggi\/?p=6909"},"modified":"2019-09-18T10:10:26","modified_gmt":"2019-09-18T09:10:26","slug":"noleggio-auto-connesse","status":"publish","type":"post","link":"https:\/\/www.noleggioauto.it\/informaviaggi\/noleggio-auto-connesse\/","title":{"rendered":"Il noleggio auto diventa connesso"},"content":{"rendered":"\n<p>L&#8217;auto connessa \u00e8 una tipologia di veicolo che, oltre ad avere accesso a internet, \u00e8 dotata di sensori che le permettono di inviare e ricevere informazioni. Questo consente loro di dialogare con infrastrutture esterne, con le officine o con altri dispostivi automobilistici.<\/p>\n<p>\u00a0<\/p>\n<p><iframe title=\"Connected Cars in the Internet of Things Explained in 101 Seconds\" width=\"770\" height=\"433\" data-src=\"https:\/\/www.youtube.com\/embed\/D5BXm1HXk3Y?feature=oembed\" frameborder=\"0\" allow=\"accelerometer; autoplay; clipboard-write; encrypted-media; gyroscope; picture-in-picture; web-share\" referrerpolicy=\"strict-origin-when-cross-origin\" allowfullscreen src=\"data:image\/svg+xml;base64,PHN2ZyB3aWR0aD0iMSIgaGVpZ2h0PSIxIiB4bWxucz0iaHR0cDovL3d3dy53My5vcmcvMjAwMC9zdmciPjwvc3ZnPg==\" class=\"lazyload\" data-load-mode=\"1\"><\/iframe><\/p>\n<p>\u00a0<\/p>\n<p>La loro diffusione sta aumentando rapidamente grazie agli investimenti fatti nel campo dei servizi telematici dalle case automobilistiche. Una realt\u00e0 che aiuter\u00e0 anche i clienti del noleggio auto, come gi\u00e0 accade soprattutto negli Stati Uniti, dove gi\u00e0 molte agenzie usano le <em>conneted cars <\/em>per rendere pi\u00f9 facile e sicuro il processo di noleggio.<\/p>\n<p>\u00a0<\/p>\n<p>Negli Stati Uniti ben 35000 veicoli della flotta AVIS di marca Ford sono connessi ed ora Avis Budget Group ha annunciato di aver trovato un accordo con Ford Commercial Solutions per connettere anche 14.000 veicoli Ford che fanno parte della flotta di Avis in Europa. Una mossa che potrebbe cambiare il modo in cui noleggiamo anche nel vecchio continente.<\/p>\n<p>\u00a0<\/p>\n<p>L&#8217;obiettivo \u00e8 quello di avere una flotta totalmente connessa: \u00abForniremo il 100% della nuova connettivit\u00e0 delle auto in Europa entro la fine del 2020<em>\u00bb<\/em>, ha dichiarato Dave Phatak, Director di Ford Commercial Solutions, Europa.<\/p>\n<p><br \/>La connessione delle auto permetter\u00e0 ad AVIS di aumentare l&#8217;efficienza del proprio servizio, rendendo pi\u00f9 semplice la vita del cliente, che potr\u00e0 gestire l\u2019intera esperienza di noleggio tramite l\u2019Avis App, dal ritiro alla restituzione.<\/p>\n<p>Inoltre, i veicoli connessi forniranno in tempo reale dati come il chilometraggio, il livello di carburante e aggiornamenti sulle condizioni del veicolo, consentendo di ridurre i tempi di attesa per il cliente, poich\u00e9 l&#8217;agenzia potr\u00e0 processare le informazioni in maniera pi\u00f9 rapida di quanto non accada oggi. I dati poi consentiranno alle aziende di avere un accesso pi\u00f9 semplice alle informazioni, migliorando anche la gestione di tutto il noleggio nel suo complesso.<\/p>\n<p>Insomma: l&#8217;industria dell&#8217;auto sta entrando nel futuro e il noleggio auto non vuole rimanere indietro.<\/p>\n","protected":false},"excerpt":{"rendered":"<p>L&#8217;auto connessa \u00e8 una tipologia di veicolo che, oltre ad avere accesso a internet, \u00e8 dotata di sensori che le permettono di inviare e&#8230;<\/p>\n","protected":false},"author":5,"featured_media":6912,"comment_status":"open","ping_status":"open","sticky":false,"template":"","format":"standard","meta":{"advanced_seo_description":"","jetpack_seo_html_title":"","jetpack_seo_noindex":false,"_jetpack_memberships_contains_paid_content":false,"footnotes":""},"categories":[12],"tags":[953,952,400],"class_list":["post-6909","post","type-post","status-publish","format-standard","has-post-thumbnail","hentry","category-curiosita","tag-auto-connesse","tag-avis","tag-noleggio-auto","post-item","post-even"],"jetpack_featured_media_url":"https:\/\/informaviaggi.noleggioauto.it\/wp-content\/uploads\/2019\/09\/car-connection-dashboard-1305305.jpg","jetpack_sharing_enabled":true,"_links":{"self":[{"href":"https:\/\/www.noleggioauto.it\/informaviaggi\/wp-json\/wp\/v2\/posts\/6909","targetHints":{"allow":["GET"]}}],"collection":[{"href":"https:\/\/www.noleggioauto.it\/informaviaggi\/wp-json\/wp\/v2\/posts"}],"about":[{"href":"https:\/\/www.noleggioauto.it\/informaviaggi\/wp-json\/wp\/v2\/types\/post"}],"author":[{"embeddable":true,"href":"https:\/\/www.noleggioauto.it\/informaviaggi\/wp-json\/wp\/v2\/users\/5"}],"replies":[{"embeddable":true,"href":"https:\/\/www.noleggioauto.it\/informaviaggi\/wp-json\/wp\/v2\/comments?post=6909"}],"version-history":[{"count":2,"href":"https:\/\/www.noleggioauto.it\/informaviaggi\/wp-json\/wp\/v2\/posts\/6909\/revisions"}],"predecessor-version":[{"id":6911,"href":"https:\/\/www.noleggioauto.it\/informaviaggi\/wp-json\/wp\/v2\/posts\/6909\/revisions\/6911"}],"wp:featuredmedia":[{"embeddable":true,"href":"https:\/\/www.noleggioauto.it\/informaviaggi\/wp-json\/wp\/v2\/media\/6912"}],"wp:attachment":[{"href":"https:\/\/www.noleggioauto.it\/informaviaggi\/wp-json\/wp\/v2\/media?parent=6909"}],"wp:term":[{"taxonomy":"category","embeddable":true,"href":"https:\/\/www.noleggioauto.it\/informaviaggi\/wp-json\/wp\/v2\/categories?post=6909"},{"taxonomy":"post_tag","embeddable":true,"href":"https:\/\/www.noleggioauto.it\/informaviaggi\/wp-json\/wp\/v2\/tags?post=6909"}],"curies":[{"name":"wp","href":"https:\/\/api.w.org\/{rel}","templated":true}]}}