{"id":8497,"date":"2024-08-16T17:28:31","date_gmt":"2024-08-16T16:28:31","guid":{"rendered":"https:\/\/informaviaggi.noleggioauto.it\/?p=8497"},"modified":"2024-09-16T21:05:14","modified_gmt":"2024-09-16T20:05:14","slug":"10-giorni-in-trentino-alto-adige-dal-lago-di-braies-alle-dolomiti","status":"publish","type":"post","link":"https:\/\/www.noleggioauto.it\/informaviaggi\/10-giorni-in-trentino-alto-adige-dal-lago-di-braies-alle-dolomiti\/","title":{"rendered":"10 giorni in Trentino Alto-Adige: dal lago di Braies alle Dolomiti"},"content":{"rendered":"\n<p>In questo <strong>road-trip di 10 giorni in Trentino Alto-Adige<\/strong> ci lasceremo alle spalle la routine quotidiana per immergerci nella natura pi\u00f9 incontaminata, tra strade tortuose e panorami mozzafiato. A farci da cornice ci saranno le maestose vette delle <em>Dolomiti<\/em>, costellate da limpidi laghi alpini, antichi borghi e tantissime meraviglie naturali in grado di imprimersi per sempre nei nostri cuori.&nbsp;<\/p>\n\n\n\n<figure class=\"wp-block-image size-full\"><a href=\"https:\/\/www.google.com\/maps\/dir\/Trento,+Autonomous+Province+of+Trento\/Riva+del+Garda\/Ossana,+Autonomous+Province+of+Trento\/San+Romedio,+Autonomous+Province+of+Trento\/Giardini+Trauttmansdorff\/Val+Gardena\/Pragser+Wildsee\/Marmolada\/San+Martino+di+Castrozza\/Trento,+Autonomous+Province+of+Trento\/@46.3924072,10.905444,9z\/data=!4m72!4m71!1m5!1m1!1s0x478276cac9ce9ddb:0x27c6a299139ff547!2m2!1d11.1214636!2d46.0677451!1m5!1m1!1s0x478216d064ddabad:0x6b1bdbb2c3674ca3!2m2!1d10.8431111!2d45.8893165!1m5!1m1!1s0x47825810b8b0ce57:0x9ec70d9b012d4aa!2m2!1d10.737311!2d46.3070135!1m5!1m1!1s0x47828f36d7c830cf:0xbaef56c97a41853e!2m2!1d11.1062495!2d46.3690147!1m5!1m1!1s0x4782bc736be11583:0xb45a621232a7c811!2m2!1d11.184674!2d46.6613246!1m5!1m1!1s0x47781369351c68d7:0x810ee4258084767b!2m2!1d11.7049259!2d46.5597584!1m5!1m1!1s0x47782f7e223aede7:0xbd2db4f14d5fc2f5!2m2!1d12.0854273!2d46.694333!1m5!1m1!1s0x477843e63a8f5f49:0xbbff78657aa607dd!2m2!1d11.8499377!2d46.4345444!1m15!1m1!1s0x4778592e11d4d0ab:0x47d7f35b4ff4ca5b!2m2!1d11.8005275!2d46.2617655!3m4!1m2!1d11.4655084!2d46.2904842!3s0x47787cfe9a269c8b:0x828ea88255939a9c!3m4!1m2!1d11.3203393!2d46.2483648!3s0x4778806ce23ec061:0xa89ebc36de5bf674!1m5!1m1!1s0x478276cac9ce9ddb:0x27c6a299139ff547!2m2!1d11.1214636!2d46.0677451!3e0?entry=ttu\" target=\"_blank\" rel=\"nofollow\"><img decoding=\"async\" width=\"1200\" height=\"624\" data-src=\"https:\/\/informaviaggi.noleggioauto.it\/wp-content\/uploads\/2024\/05\/itineraio-1.jpg\" alt=\"\" class=\"wp-image-8544 lazyload\" data-srcset=\"https:\/\/informaviaggi.noleggioauto.it\/wp-content\/uploads\/2024\/05\/itineraio-1.jpg 1200w, https:\/\/informaviaggi.noleggioauto.it\/wp-content\/uploads\/2024\/05\/itineraio-1-800x416.jpg 800w, https:\/\/informaviaggi.noleggioauto.it\/wp-content\/uploads\/2024\/05\/itineraio-1-300x156.jpg 300w, https:\/\/informaviaggi.noleggioauto.it\/wp-content\/uploads\/2024\/05\/itineraio-1-768x399.jpg 768w, https:\/\/informaviaggi.noleggioauto.it\/wp-content\/uploads\/2024\/05\/itineraio-1-370x192.jpg 370w, https:\/\/informaviaggi.noleggioauto.it\/wp-content\/uploads\/2024\/05\/itineraio-1-570x296.jpg 570w, https:\/\/informaviaggi.noleggioauto.it\/wp-content\/uploads\/2024\/05\/itineraio-1-770x400.jpg 770w, https:\/\/informaviaggi.noleggioauto.it\/wp-content\/uploads\/2024\/05\/itineraio-1-1170x608.jpg 1170w, https:\/\/informaviaggi.noleggioauto.it\/wp-content\/uploads\/2024\/05\/itineraio-1-1115x580.jpg 1115w\" data-sizes=\"(max-width: 1200px) 100vw, 1200px\" src=\"data:image\/svg+xml;base64,PHN2ZyB3aWR0aD0iMSIgaGVpZ2h0PSIxIiB4bWxucz0iaHR0cDovL3d3dy53My5vcmcvMjAwMC9zdmciPjwvc3ZnPg==\" style=\"--smush-placeholder-width: 1200px; --smush-placeholder-aspect-ratio: 1200\/624;\" \/><\/a><\/figure>\n\n\n\n<p>Da <em>Trento<\/em>, la citt\u00e0 degli affreschi e dei portici, ci avventureremo lungo un percorso che toccher\u00e0 luoghi iconici come il suggestivo <em>Lago di Tovel<\/em>, le spettacolari <em>Cascate del Saent<\/em> in Val di Rabbi e i rinomati <em>Giardini di Castel Trauttmansdorff<\/em>. Lungo il nostro cammino avremo l&#8217;opportunit\u00e0 di esplorare sentieri millenari che ci condurranno a luoghi sacri come l&#8217;<em>eremo di San Romedio<\/em> e ad emozionanti escursioni come il trekking fino al <em>Rifugio Puez<\/em> nella Val Gardena.&nbsp;<\/p>\n\n\n\n<p>Il nostro viaggio proseguir\u00e0 verso il <em>Lago di Braies<\/em> e la <em>Malga Fojed\u00f6ra<\/em>, per poi raggiungere la <em>Marmolada<\/em> e la <em>Terrazza di Punta Rocca<\/em>, da cui godremo di una vista panoramica spettacolare. I trekking continueranno con una splendida passeggiata da <em>Malga Ciap\u00e8la<\/em>, dove saremo costantemente circondati dalle nuvole.<\/p>\n\n\n\n<figure class=\"wp-block-image size-full\"><img decoding=\"async\" width=\"1000\" height=\"519\" data-src=\"https:\/\/informaviaggi.noleggioauto.it\/wp-content\/uploads\/2024\/05\/Pale-di-San-Martino-3.jpg\" alt=\"\" class=\"wp-image-8511 lazyload\" data-srcset=\"https:\/\/informaviaggi.noleggioauto.it\/wp-content\/uploads\/2024\/05\/Pale-di-San-Martino-3.jpg 1000w, https:\/\/informaviaggi.noleggioauto.it\/wp-content\/uploads\/2024\/05\/Pale-di-San-Martino-3-800x415.jpg 800w, https:\/\/informaviaggi.noleggioauto.it\/wp-content\/uploads\/2024\/05\/Pale-di-San-Martino-3-300x156.jpg 300w, https:\/\/informaviaggi.noleggioauto.it\/wp-content\/uploads\/2024\/05\/Pale-di-San-Martino-3-768x399.jpg 768w, https:\/\/informaviaggi.noleggioauto.it\/wp-content\/uploads\/2024\/05\/Pale-di-San-Martino-3-370x192.jpg 370w, https:\/\/informaviaggi.noleggioauto.it\/wp-content\/uploads\/2024\/05\/Pale-di-San-Martino-3-570x296.jpg 570w, https:\/\/informaviaggi.noleggioauto.it\/wp-content\/uploads\/2024\/05\/Pale-di-San-Martino-3-770x400.jpg 770w\" data-sizes=\"(max-width: 1000px) 100vw, 1000px\" src=\"data:image\/svg+xml;base64,PHN2ZyB3aWR0aD0iMSIgaGVpZ2h0PSIxIiB4bWxucz0iaHR0cDovL3d3dy53My5vcmcvMjAwMC9zdmciPjwvc3ZnPg==\" style=\"--smush-placeholder-width: 1000px; --smush-placeholder-aspect-ratio: 1000\/519;\" \/><figcaption class=\"wp-element-caption\">Le Pale di San Martino, una delle tappe del nostro viaggio<\/figcaption><\/figure>\n\n\n\n<p>Le <em>Pale di San Martino<\/em>, con la <em>Baita Segantini<\/em>, saranno un&#8217;altra tappa imperdibile del nostro itinerario, che ci porter\u00e0 allo stesso tempo a visitare <em>Cavalese<\/em>, una delle localit\u00e0 pi\u00f9 importanti della regione. Infine faremo ritorno a <em>Trento<\/em>, dove potremo visitare le principali attrazioni della citt\u00e0, tra cui il MUSE &#8211; Museo della Scienza.<\/p>\n\n\n\n<p><strong>Questo road trip di 10 giorni \u00e8 solo un assaggio di tutto ci\u00f2 che il Trentino ha da offrire. Con i suoi paesaggi incantevoli, la sua ricca cultura e la sua squisita gastronomia, il Trentino \u00e8 una destinazione ideale per chi ama la natura, l&#8217;avventura e la scoperta.<\/strong><\/p>\n\n\n\n<h2 class=\"wp-block-heading\">Giorno 1 &#8211; Lago di Tenno e Riva del Garda<\/h2>\n\n\n\n<p>Il nostro viaggio inizia nella citt\u00e0 di <strong>Trento<\/strong>, il capoluogo della regione. Se avete prenotato un\u2019auto a noleggio per intraprendere questo viaggio, recatevi subito presso l\u2019ufficio di noleggio e sbrigate le pratiche di ritiro. Passate quindi presso il vostro alloggio per posare i bagagli e fare il check-in, viaggiare leggeri \u00e8 sempre una buona idea! Siamo pronti per incamminarci verso la prima tappa del nostro viaggio.<\/p>\n\n\n\n<figure class=\"wp-block-image size-full\"><img decoding=\"async\" width=\"1000\" height=\"519\" data-src=\"https:\/\/informaviaggi.noleggioauto.it\/wp-content\/uploads\/2024\/05\/Trento2.jpg\" alt=\"\" class=\"wp-image-8518 lazyload\" data-srcset=\"https:\/\/informaviaggi.noleggioauto.it\/wp-content\/uploads\/2024\/05\/Trento2.jpg 1000w, https:\/\/informaviaggi.noleggioauto.it\/wp-content\/uploads\/2024\/05\/Trento2-800x415.jpg 800w, https:\/\/informaviaggi.noleggioauto.it\/wp-content\/uploads\/2024\/05\/Trento2-300x156.jpg 300w, https:\/\/informaviaggi.noleggioauto.it\/wp-content\/uploads\/2024\/05\/Trento2-768x399.jpg 768w, https:\/\/informaviaggi.noleggioauto.it\/wp-content\/uploads\/2024\/05\/Trento2-370x192.jpg 370w, https:\/\/informaviaggi.noleggioauto.it\/wp-content\/uploads\/2024\/05\/Trento2-570x296.jpg 570w, https:\/\/informaviaggi.noleggioauto.it\/wp-content\/uploads\/2024\/05\/Trento2-770x400.jpg 770w\" data-sizes=\"(max-width: 1000px) 100vw, 1000px\" src=\"data:image\/svg+xml;base64,PHN2ZyB3aWR0aD0iMSIgaGVpZ2h0PSIxIiB4bWxucz0iaHR0cDovL3d3dy53My5vcmcvMjAwMC9zdmciPjwvc3ZnPg==\" style=\"--smush-placeholder-width: 1000px; --smush-placeholder-aspect-ratio: 1000\/519;\" \/><figcaption class=\"wp-element-caption\">Una colorata piazza di Trento<\/figcaption><\/figure>\n\n\n\n<p>Una ricca colazione nella vivace atmosfera cittadina ci dar\u00e0 le energie necessarie ad affrontare il primo giorno di viaggio. <strong>Ci dirigiamo dunque verso il tranquillo Lago di Tenno<\/strong>,<strong> una perla incastonata tra le montagne che incanta con le sue acque turchesi.<\/strong> A seconda della stagione, le esperienze potranno essere molto diverse tra loro: quando l\u2019acqua \u00e8 pi\u00f9 bassa \u00e8 possibile fare il giro del lago agevolmente in circa 50 minuti, passando per un ponte sospeso molto emozionante. D\u2019inverno il lago si tinge di bianco, regalando colori veramente unici, sebbene sia preclusa la possibilit\u00e0 di fare il bagno, cosa invece possibile in estate!<\/p>\n\n\n\n<p>Proseguendo la nostra escursione, raggiungiamo <strong>Riva del Garda, una localit\u00e0 rinomata per il suo incantevole affaccio sulle sponde del Lago di Garda<\/strong>. A seconda delle tempistiche, potrete pranzare o cenare in uno dei tanti ristoranti affacciati sul lago alla scoperta delle tradizioni culinarie locali. Una passeggiata lungo le rive del lago, ammirando i riflessi dorati del tramonto coroneranno questa prima giornata di viaggio.<\/p>\n\n\n\n<figure class=\"wp-block-image size-full\"><img decoding=\"async\" width=\"1000\" height=\"519\" data-src=\"https:\/\/informaviaggi.noleggioauto.it\/wp-content\/uploads\/2024\/05\/Riva-del-Garda.jpg\" alt=\"\" class=\"wp-image-8516 lazyload\" data-srcset=\"https:\/\/informaviaggi.noleggioauto.it\/wp-content\/uploads\/2024\/05\/Riva-del-Garda.jpg 1000w, https:\/\/informaviaggi.noleggioauto.it\/wp-content\/uploads\/2024\/05\/Riva-del-Garda-800x415.jpg 800w, https:\/\/informaviaggi.noleggioauto.it\/wp-content\/uploads\/2024\/05\/Riva-del-Garda-300x156.jpg 300w, https:\/\/informaviaggi.noleggioauto.it\/wp-content\/uploads\/2024\/05\/Riva-del-Garda-768x399.jpg 768w, https:\/\/informaviaggi.noleggioauto.it\/wp-content\/uploads\/2024\/05\/Riva-del-Garda-370x192.jpg 370w, https:\/\/informaviaggi.noleggioauto.it\/wp-content\/uploads\/2024\/05\/Riva-del-Garda-570x296.jpg 570w, https:\/\/informaviaggi.noleggioauto.it\/wp-content\/uploads\/2024\/05\/Riva-del-Garda-770x400.jpg 770w\" data-sizes=\"(max-width: 1000px) 100vw, 1000px\" src=\"data:image\/svg+xml;base64,PHN2ZyB3aWR0aD0iMSIgaGVpZ2h0PSIxIiB4bWxucz0iaHR0cDovL3d3dy53My5vcmcvMjAwMC9zdmciPjwvc3ZnPg==\" style=\"--smush-placeholder-width: 1000px; --smush-placeholder-aspect-ratio: 1000\/519;\" \/><figcaption class=\"wp-element-caption\">Tipico scorcio di una passeggiata lungolago a Riva del Garda<\/figcaption><\/figure>\n\n\n\n<p>Concludiamo la giornata facendo ritorno a Trento, dove potremo riposare in attesa delle tantissime meraviglie che il Trentino ci offrir\u00e0 in questi 10 giorni di pura poesia.<\/p>\n\n\n\n<div class=\"wp-block-cover alignfull is-light\" style=\"margin-top:0;padding-top:5vw;padding-right:5vw;padding-bottom:5vw;padding-left:5vw;min-height:632px;aspect-ratio:unset;\"><span aria-hidden=\"true\" class=\"wp-block-cover__background has-background-dim-100 has-background-dim\" style=\"background-color:#ff552e\"><\/span><div class=\"wp-block-cover__inner-container is-layout-flow wp-block-cover-is-layout-flow\">\n<div class=\"wp-block-group is-layout-flex wp-container-core-group-is-layout-7f408244 wp-block-group-is-layout-flex\">\n<div class=\"wp-block-group wp-container-content-9cfa9a5a\"><div class=\"wp-block-group__inner-container is-layout-flow wp-block-group-is-layout-flow\">\n<p class=\"has-text-align-left has-black-color has-text-color\" style=\"font-size:130px;font-style:normal;font-weight:700;letter-spacing:-4px;line-height:0.9;text-transform:none\">TRENTO<\/p>\n\n\n\n<p><\/p>\n\n\n\n<p class=\"has-text-align-left has-white-color has-text-color\" style=\"font-size:100px;font-style:normal;font-weight:700;letter-spacing:-4px;line-height:0.9;text-transform:none\">Dove alloggiare<\/p>\n<\/div><\/div>\n\n\n\n<div class=\"wp-block-group wp-container-content-5b91cf2b is-vertical is-nowrap is-layout-flex wp-container-core-group-is-layout-07e09966 wp-block-group-is-layout-flex\"><\/div>\n<\/div>\n\n\n\n<p>Per la nostra permanenza a Trento abbiamo scelto di rivolgerci a <a href=\"https:\/\/www.dolomiabesthome.it\/\" rel=\"nofollow\" target=\"_blank\">&#8220;DOLOMIA best home&#8221;<\/a> , dei professionisti dell&#8217;accoglienza che gestiscono con passione diversi alloggi nella citt\u00e0 di Trento e dintorni. Alloggiare nei loro appartementi \u00e8 un po&#8217; come essere a casa, avendo a disposizione ogni comfort possibile, dal Wi-Fi all&#8217;aria condizionata, dal parcheggio alla cassaforte.<\/p>\n\n\n\n<figure class=\"wp-block-image size-large\"><img decoding=\"async\" width=\"2000\" height=\"1333\" data-src=\"https:\/\/informaviaggi.noleggioauto.it\/wp-content\/uploads\/2024\/05\/unnamed-2000x1333.jpg\" alt=\"\" class=\"wp-image-8628 lazyload\" data-srcset=\"https:\/\/informaviaggi.noleggioauto.it\/wp-content\/uploads\/2024\/05\/unnamed-2000x1333.jpg 2000w, https:\/\/informaviaggi.noleggioauto.it\/wp-content\/uploads\/2024\/05\/unnamed-800x533.jpg 800w, https:\/\/informaviaggi.noleggioauto.it\/wp-content\/uploads\/2024\/05\/unnamed-300x200.jpg 300w, https:\/\/informaviaggi.noleggioauto.it\/wp-content\/uploads\/2024\/05\/unnamed-768x512.jpg 768w, https:\/\/informaviaggi.noleggioauto.it\/wp-content\/uploads\/2024\/05\/unnamed-1536x1024.jpg 1536w, https:\/\/informaviaggi.noleggioauto.it\/wp-content\/uploads\/2024\/05\/unnamed-2048x1365.jpg 2048w, https:\/\/informaviaggi.noleggioauto.it\/wp-content\/uploads\/2024\/05\/unnamed-370x247.jpg 370w, https:\/\/informaviaggi.noleggioauto.it\/wp-content\/uploads\/2024\/05\/unnamed-270x180.jpg 270w, https:\/\/informaviaggi.noleggioauto.it\/wp-content\/uploads\/2024\/05\/unnamed-570x380.jpg 570w, https:\/\/informaviaggi.noleggioauto.it\/wp-content\/uploads\/2024\/05\/unnamed-770x513.jpg 770w, https:\/\/informaviaggi.noleggioauto.it\/wp-content\/uploads\/2024\/05\/unnamed-1170x780.jpg 1170w, https:\/\/informaviaggi.noleggioauto.it\/wp-content\/uploads\/2024\/05\/unnamed-870x580.jpg 870w\" data-sizes=\"(max-width: 2000px) 100vw, 2000px\" src=\"data:image\/svg+xml;base64,PHN2ZyB3aWR0aD0iMSIgaGVpZ2h0PSIxIiB4bWxucz0iaHR0cDovL3d3dy53My5vcmcvMjAwMC9zdmciPjwvc3ZnPg==\" style=\"--smush-placeholder-width: 2000px; --smush-placeholder-aspect-ratio: 2000\/1333;\" \/><\/figure>\n\n\n\n<p>Inoltre, se viaggiate con dei bimbi piccoli, potrete richiedere un alloggio dotato di lettino per bambini. E gli animali sono ammessi! Non vi resta che scegliere tra alloggi pi\u00f9 moderni ed altri in stile barocco, cos\u00ec da dare un tocco di stile al nostro viaggio!<\/p>\n<\/div><\/div>\n\n\n\n<h2 class=\"wp-block-heading\">Giorno 2 &#8211; Lago di Tovel e borghi di Caldes e Ossana<\/h2>\n\n\n\n<p>Dopo una sostanziosa colazione a Trento, <strong>partiamo verso una delle meraviglie naturali pi\u00f9 affascinanti della Val di Non: il Lago di Tovel<\/strong>. In passato tinto di rosso dalla fioritura dell\u2019alga Tovellia, ormai scomparsa, \u00e8 un gioiello alpino famoso per i suoi colori mutevoli. Questo specchio d&#8217;acqua incantato, circondato dalle maestose Dolomiti, brilla di sfumature che vanno dal turchese al verde smeraldo, consentendoci scatti fotografici che non avranno bisogno di ulteriori ritocchi!&nbsp;<\/p>\n\n\n\n<figure class=\"wp-block-image size-full\"><img decoding=\"async\" width=\"1000\" height=\"519\" data-src=\"https:\/\/informaviaggi.noleggioauto.it\/wp-content\/uploads\/2024\/05\/Lago-di-Tovel.jpg\" alt=\"\" class=\"wp-image-8505 lazyload\" data-srcset=\"https:\/\/informaviaggi.noleggioauto.it\/wp-content\/uploads\/2024\/05\/Lago-di-Tovel.jpg 1000w, https:\/\/informaviaggi.noleggioauto.it\/wp-content\/uploads\/2024\/05\/Lago-di-Tovel-800x415.jpg 800w, https:\/\/informaviaggi.noleggioauto.it\/wp-content\/uploads\/2024\/05\/Lago-di-Tovel-300x156.jpg 300w, https:\/\/informaviaggi.noleggioauto.it\/wp-content\/uploads\/2024\/05\/Lago-di-Tovel-768x399.jpg 768w, https:\/\/informaviaggi.noleggioauto.it\/wp-content\/uploads\/2024\/05\/Lago-di-Tovel-370x192.jpg 370w, https:\/\/informaviaggi.noleggioauto.it\/wp-content\/uploads\/2024\/05\/Lago-di-Tovel-570x296.jpg 570w, https:\/\/informaviaggi.noleggioauto.it\/wp-content\/uploads\/2024\/05\/Lago-di-Tovel-770x400.jpg 770w\" data-sizes=\"(max-width: 1000px) 100vw, 1000px\" src=\"data:image\/svg+xml;base64,PHN2ZyB3aWR0aD0iMSIgaGVpZ2h0PSIxIiB4bWxucz0iaHR0cDovL3d3dy53My5vcmcvMjAwMC9zdmciPjwvc3ZnPg==\" style=\"--smush-placeholder-width: 1000px; --smush-placeholder-aspect-ratio: 1000\/519;\" \/><figcaption class=\"wp-element-caption\">Le acque verde smeraldo del lago di Tovel<\/figcaption><\/figure>\n\n\n\n<p>Una bellissima passeggiata intorno al lago \u00e8 sinonimo di pace e tranquillit\u00e0, quanto pi\u00f9 che, con una piccola deviazione, avremo la possibilit\u00e0 di visitare una bellissima cascata! Se siete appassionati di trekking vi consigliamo <strong>un sentiero spettacolare che porta alla Malga Tuena<\/strong>, dove vi sar\u00e0 possibile pranzare grazie alle delizie che troverete in malga. Il percorso parte dalle rive del lago e, seguendo la segnaletica, arriverete alla malga attraversando un bellissimo bosco e dei verdi prati. L\u2019escursione dura poco pi\u00f9 di 3 ore e vi costringer\u00e0 a rinunciare alla visita di Caldes, saltando direttamente alla tappa successiva.<\/p>\n\n\n\n<p><em>ATTENZIONE: Se siete in viaggio nei mesi invernali, vi consigliamo di informarvi presso le autorit\u00e0 competenti circa la completa accessibilit\u00e0 al lago.<\/em><\/p>\n\n\n\n<p><strong>Lasciato il lago di Tovel, ci dirigiamo verso Caldes, un incantevole borgo termale situato in una splendida valle verdeggiante.<\/strong> Sar\u00e0 un vero tuffo nel passato grazie alle sue stradine acciottolate, le antiche chiese e la sua atmosfera tranquilla. Qui \u00e8 possibile visitare rapidamente un piccolo castello che, seppur modesto, \u00e8 in grado di regalare qualche emozione, in particolare la piccola cappella esterna affrescata. Se sarete fortunati, potrete incappare in una delle tante mostre fotografiche di ottimo livello che vengono organizzate al suo interno.<\/p>\n\n\n\n<p><strong>Continuiamo il nostro percorso verso Ossana, un autentico scrigno di storia alpina.<\/strong> \u00c8 considerato uno dei borghi pi\u00f9 belli di tutta la regione e ce ne accorgeremo immediatamente passeggiando tra le sue stradine tortuose e ammirando gli antichi edifici pieni di storia. Il castello di San Michele merita certamente la visita, soprattutto per godere della sua incredibile vista sul paese e su tutta la vallata.<\/p>\n\n\n\n<figure class=\"wp-block-image size-full\"><img decoding=\"async\" width=\"1000\" height=\"519\" data-src=\"https:\/\/informaviaggi.noleggioauto.it\/wp-content\/uploads\/2024\/05\/Ossana.jpg\" alt=\"\" class=\"wp-image-8525 lazyload\" data-srcset=\"https:\/\/informaviaggi.noleggioauto.it\/wp-content\/uploads\/2024\/05\/Ossana.jpg 1000w, https:\/\/informaviaggi.noleggioauto.it\/wp-content\/uploads\/2024\/05\/Ossana-800x415.jpg 800w, https:\/\/informaviaggi.noleggioauto.it\/wp-content\/uploads\/2024\/05\/Ossana-300x156.jpg 300w, https:\/\/informaviaggi.noleggioauto.it\/wp-content\/uploads\/2024\/05\/Ossana-768x399.jpg 768w, https:\/\/informaviaggi.noleggioauto.it\/wp-content\/uploads\/2024\/05\/Ossana-370x192.jpg 370w, https:\/\/informaviaggi.noleggioauto.it\/wp-content\/uploads\/2024\/05\/Ossana-570x296.jpg 570w, https:\/\/informaviaggi.noleggioauto.it\/wp-content\/uploads\/2024\/05\/Ossana-770x400.jpg 770w\" data-sizes=\"(max-width: 1000px) 100vw, 1000px\" src=\"data:image\/svg+xml;base64,PHN2ZyB3aWR0aD0iMSIgaGVpZ2h0PSIxIiB4bWxucz0iaHR0cDovL3d3dy53My5vcmcvMjAwMC9zdmciPjwvc3ZnPg==\" style=\"--smush-placeholder-width: 1000px; --smush-placeholder-aspect-ratio: 1000\/519;\" \/><figcaption class=\"wp-element-caption\">Ossana e il suo bel castello<\/figcaption><\/figure>\n\n\n\n<p>Per concludere la giornata, ci godiamo una cena tradizionale in uno dei tanti ristoranti locali. Qui possiamo assaporare le delizie della cucina trentina e condividere le nostre esperienze di viaggio. Rientrando nelle nostre sistemazioni per la notte, verremo cullati dalla tranquillit\u00e0 di Ossana, pronti ad affrontare nuove avventure durante il prossimo giorno di viaggio.<\/p>\n\n\n\n<h2 class=\"wp-block-heading\">Giorno 3 &#8211; Cascate del Saent<\/h2>\n\n\n\n<p>Il terzo giorno del nostro viaggio in Trentino-Alto Adige ci porta alla scoperta di <strong>una delle sue meraviglie naturali pi\u00f9 suggestive: le Cascate di Saent, immerse nell\u2019incantevole Val di Rabbi.<\/strong><\/p>\n\n\n\n<p>Per raggiungere le cascate \u00e8 necessario percorrere un sentiero che, in circa un\u2019ora, vi porter\u00e0 alla base della cascata. Il sentiero \u00e8 adatto a tutti, compresi i bambini, che troveranno diversi giochi ad attenderli, assieme ad un\u2019area pic-nic ben attrezzata dove potremo passare una splendida mattinata immersi in un luogo incantevole.<\/p>\n\n\n\n<figure class=\"wp-block-image size-full\"><img decoding=\"async\" width=\"1000\" height=\"519\" data-src=\"https:\/\/informaviaggi.noleggioauto.it\/wp-content\/uploads\/2024\/05\/Cascate-di-Saent.jpg\" alt=\"\" class=\"wp-image-8500 lazyload\" data-srcset=\"https:\/\/informaviaggi.noleggioauto.it\/wp-content\/uploads\/2024\/05\/Cascate-di-Saent.jpg 1000w, https:\/\/informaviaggi.noleggioauto.it\/wp-content\/uploads\/2024\/05\/Cascate-di-Saent-800x415.jpg 800w, https:\/\/informaviaggi.noleggioauto.it\/wp-content\/uploads\/2024\/05\/Cascate-di-Saent-300x156.jpg 300w, https:\/\/informaviaggi.noleggioauto.it\/wp-content\/uploads\/2024\/05\/Cascate-di-Saent-768x399.jpg 768w, https:\/\/informaviaggi.noleggioauto.it\/wp-content\/uploads\/2024\/05\/Cascate-di-Saent-370x192.jpg 370w, https:\/\/informaviaggi.noleggioauto.it\/wp-content\/uploads\/2024\/05\/Cascate-di-Saent-570x296.jpg 570w, https:\/\/informaviaggi.noleggioauto.it\/wp-content\/uploads\/2024\/05\/Cascate-di-Saent-770x400.jpg 770w\" data-sizes=\"(max-width: 1000px) 100vw, 1000px\" src=\"data:image\/svg+xml;base64,PHN2ZyB3aWR0aD0iMSIgaGVpZ2h0PSIxIiB4bWxucz0iaHR0cDovL3d3dy53My5vcmcvMjAwMC9zdmciPjwvc3ZnPg==\" style=\"--smush-placeholder-width: 1000px; --smush-placeholder-aspect-ratio: 1000\/519;\" \/><figcaption class=\"wp-element-caption\">L&#8217;imponente scroscio delle cascate del Saent<\/figcaption><\/figure>\n\n\n\n<p>Il percorso \u00e8 inizialmente molto dolce, per poi farsi pi\u00f9 ripido dopo il primo salto (sono tre in tutto). Durante la passeggiata avremo anche l\u2019opportunit\u00e0 di scegliere tra due percorsi, una strada mulattiera ed un sentiero attraverso il bosco. Entrambi i sentieri si ricongiungono alla base della cascata. Continuando la risalita, uno splendido ponte di legno ci consentir\u00e0 l\u2019attraversamento della cascata e la discesa dal lato opposto.<\/p>\n\n\n\n<p><em>ATTENZIONE: Arrivando entro le 9.45 \u00e8 possibile lasciare la macchina nell\u2019apposito parcheggio, altrimenti sar\u00e0 obbligatorio prendere lo Stelviobus, che propone corse ogni 15 minuti.<\/em><\/p>\n\n\n\n<p>Dopo aver trascorso la giornata immersi nella natura incontaminata della Val di Rabbi, facciamo ritorno ad Ossana per continuare ad esplorare le sue pittoresche stradine e i suoi tesori nascosti.<\/p>\n\n\n\n<p>Se abbiamo abbastanza tempo, potremo fare una breve escursione nei dintorni del paese, magari lungo qualche sentiero panoramico alla scoperta di viste mozzafiato sulle montagne circostanti.<\/p>\n\n\n\n<p>Cena leggera per non appesantirsi troppo in vista di un quarto giorno all\u2019insegna di nuove camminate ed escursioni uniche.<\/p>\n\n\n\n<h2 class=\"wp-block-heading\">Giorno 4 &#8211; San Romedio e Canyon Rio Sass<\/h2>\n\n\n\n<p>Dopo una colazione energizzante ad Ossana,<strong> ci dirigiamo verso l\u2019ennesimo capolavoro della Val di Non: il sentiero che conduce all&#8217;eremo di San Romedio.<\/strong><\/p>\n\n\n\n<p>Parcheggiamo a Sanzeno e ci incamminiamo lungo lo spettacolare sentiero scavato nella roccia che si snoda attraverso uno splendido canyon, tra boschi rigogliosi e panorami mozzafiato. Il sentiero \u00e8 pianeggiante e adatto a tutti, compresi i bambini, e ha una lunghezza di 2,7 chilometri.<\/p>\n\n\n\n<p>Dopo circa 50 minuti di cammino, una brevissima salita ci porta al cospetto dell&#8217;imponente eremo incastonato nella roccia, un luogo sacro che trasuda storia e spiritualit\u00e0. Percorrendo tutti gli scalini del santuario fino in cima, potremo ammirare dall\u2019alto lo sperone di roccia di 90 metri su cui \u00e8 costruito. Una vista mozzafiato a dir poco imperdibile.<\/p>\n\n\n\n<figure class=\"wp-block-image size-full\"><img decoding=\"async\" width=\"1000\" height=\"519\" data-src=\"https:\/\/informaviaggi.noleggioauto.it\/wp-content\/uploads\/2024\/05\/San-Romedio.jpg\" alt=\"\" class=\"wp-image-8517 lazyload\" data-srcset=\"https:\/\/informaviaggi.noleggioauto.it\/wp-content\/uploads\/2024\/05\/San-Romedio.jpg 1000w, https:\/\/informaviaggi.noleggioauto.it\/wp-content\/uploads\/2024\/05\/San-Romedio-800x415.jpg 800w, https:\/\/informaviaggi.noleggioauto.it\/wp-content\/uploads\/2024\/05\/San-Romedio-300x156.jpg 300w, https:\/\/informaviaggi.noleggioauto.it\/wp-content\/uploads\/2024\/05\/San-Romedio-768x399.jpg 768w, https:\/\/informaviaggi.noleggioauto.it\/wp-content\/uploads\/2024\/05\/San-Romedio-370x192.jpg 370w, https:\/\/informaviaggi.noleggioauto.it\/wp-content\/uploads\/2024\/05\/San-Romedio-570x296.jpg 570w, https:\/\/informaviaggi.noleggioauto.it\/wp-content\/uploads\/2024\/05\/San-Romedio-770x400.jpg 770w\" data-sizes=\"(max-width: 1000px) 100vw, 1000px\" src=\"data:image\/svg+xml;base64,PHN2ZyB3aWR0aD0iMSIgaGVpZ2h0PSIxIiB4bWxucz0iaHR0cDovL3d3dy53My5vcmcvMjAwMC9zdmciPjwvc3ZnPg==\" style=\"--smush-placeholder-width: 1000px; --smush-placeholder-aspect-ratio: 1000\/519;\" \/><figcaption class=\"wp-element-caption\">L&#8217;eremo di San Romedio nascosto nella nebbia<\/figcaption><\/figure>\n\n\n\n<p>Importante sapere che, appena fuori dalla struttura, in un\u2019area appositamente protetta, \u00e8 possibile osservare (con un po\u2019 di fortuna) Bruno, l\u2019orso ospite del Santuario di San Romedio sin dal 2013. Una splendida storia lega da sempre gli orsi a questo eremo incantevole, non mancate di scoprirla!<\/p>\n\n\n\n<p>Per chi ama le emozioni pi\u00f9 intense, <strong>un&#8217;alternativa avvincente per il pomeriggio \u00e8 l&#8217;esplorazione del Canyon Rio Sass<\/strong>. Da Fondo, ci dirigiamo verso questa meraviglia naturale che ci offre un&#8217;avventura unica tra pareti rocciose e corsi d&#8217;acqua cristallina. Il percorso di circa 2,5 km richiede circa due ore e, una volta entrati nel canyon, ci sentiremo come in un mondo a parte, circondati dalla bellezza selvaggia della natura tra stalattiti, fossili e minerali unici.<\/p>\n\n\n\n<p><strong>Per passare la notte facciamo rotta verso Bolzano<\/strong>. Questa scelta ha il vantaggio di farci risparmiare qualche chilometro l\u2019indomani, senza contare che ci permetter\u00e0 di visitare la rinomata citt\u00e0 di Bolzano, un vero e proprio gioiello.<\/p>\n\n\n\n<figure class=\"wp-block-image size-full\"><img decoding=\"async\" width=\"1000\" height=\"519\" data-src=\"https:\/\/informaviaggi.noleggioauto.it\/wp-content\/uploads\/2024\/05\/Bolzano.jpg\" alt=\"\" class=\"wp-image-8498 lazyload\" data-srcset=\"https:\/\/informaviaggi.noleggioauto.it\/wp-content\/uploads\/2024\/05\/Bolzano.jpg 1000w, https:\/\/informaviaggi.noleggioauto.it\/wp-content\/uploads\/2024\/05\/Bolzano-800x415.jpg 800w, https:\/\/informaviaggi.noleggioauto.it\/wp-content\/uploads\/2024\/05\/Bolzano-300x156.jpg 300w, https:\/\/informaviaggi.noleggioauto.it\/wp-content\/uploads\/2024\/05\/Bolzano-768x399.jpg 768w, https:\/\/informaviaggi.noleggioauto.it\/wp-content\/uploads\/2024\/05\/Bolzano-370x192.jpg 370w, https:\/\/informaviaggi.noleggioauto.it\/wp-content\/uploads\/2024\/05\/Bolzano-570x296.jpg 570w, https:\/\/informaviaggi.noleggioauto.it\/wp-content\/uploads\/2024\/05\/Bolzano-770x400.jpg 770w\" data-sizes=\"(max-width: 1000px) 100vw, 1000px\" src=\"data:image\/svg+xml;base64,PHN2ZyB3aWR0aD0iMSIgaGVpZ2h0PSIxIiB4bWxucz0iaHR0cDovL3d3dy53My5vcmcvMjAwMC9zdmciPjwvc3ZnPg==\" style=\"--smush-placeholder-width: 1000px; --smush-placeholder-aspect-ratio: 1000\/519;\" \/><figcaption class=\"wp-element-caption\">Veduta aerea della citt\u00e0 di Bolzano<\/figcaption><\/figure>\n\n\n\n<p>Una cena all&#8217;insegna della gastronomia locale sancir\u00e0 la fine di questa splendida giornata, non senza prima effettuare una passeggiata digestiva alla timida scoperta dell\u2019architettura di Bolzano e delle sue eleganti piazze ricche di storia. Gi\u00e0 che ci siete, scegliete il bar in cui fare colazione domattina!<\/p>\n\n\n\n<p>Andiamo dunque a dormire pregustando le emozioni che ci aspettano durante il quinto giorno di viaggio, giro di boa del nostro tour del Trentino Alto-Adige, tutto dedicato alla botanica!<\/p>\n\n\n\n<h2 class=\"wp-block-heading\">Giorno 5 &#8211; Giardini di Castel Trauttmansdorff<\/h2>\n\n\n\n<p>Sveglia! Facciamo rotta verso Merano, a circa 30 minuti di distanza da Bolzano. Nello specifico, <strong>siamo qui per visitare gli incredibili Giardini di Castel Trauttmansdorff<\/strong>.<\/p>\n\n\n\n<p><strong>I Giardini di Castel Trauttmansdorff sono un vero e proprio paradiso botanico<\/strong> che si estende su una superficie di 12 ettari, proponendo una variet\u00e0 incredibile di piante provenienti da tutto il mondo. Un&#8217;esplosione di colori e profumi che danno vita a 80 diversi ambienti botanici, tra giardini tematici, laghetti e terrazze panoramiche. Potremo scoprire piante esotiche provenienti da ogni angolo del mondo e lasciarci incantare dalla bellezza di questo luogo magico.<\/p>\n\n\n\n<figure class=\"wp-block-image size-full\"><img decoding=\"async\" width=\"1000\" height=\"519\" data-src=\"https:\/\/informaviaggi.noleggioauto.it\/wp-content\/uploads\/2024\/05\/Castel-Trauttmansdorff.jpg\" alt=\"\" class=\"wp-image-8501 lazyload\" data-srcset=\"https:\/\/informaviaggi.noleggioauto.it\/wp-content\/uploads\/2024\/05\/Castel-Trauttmansdorff.jpg 1000w, https:\/\/informaviaggi.noleggioauto.it\/wp-content\/uploads\/2024\/05\/Castel-Trauttmansdorff-800x415.jpg 800w, https:\/\/informaviaggi.noleggioauto.it\/wp-content\/uploads\/2024\/05\/Castel-Trauttmansdorff-300x156.jpg 300w, https:\/\/informaviaggi.noleggioauto.it\/wp-content\/uploads\/2024\/05\/Castel-Trauttmansdorff-768x399.jpg 768w, https:\/\/informaviaggi.noleggioauto.it\/wp-content\/uploads\/2024\/05\/Castel-Trauttmansdorff-370x192.jpg 370w, https:\/\/informaviaggi.noleggioauto.it\/wp-content\/uploads\/2024\/05\/Castel-Trauttmansdorff-570x296.jpg 570w, https:\/\/informaviaggi.noleggioauto.it\/wp-content\/uploads\/2024\/05\/Castel-Trauttmansdorff-770x400.jpg 770w\" data-sizes=\"(max-width: 1000px) 100vw, 1000px\" src=\"data:image\/svg+xml;base64,PHN2ZyB3aWR0aD0iMSIgaGVpZ2h0PSIxIiB4bWxucz0iaHR0cDovL3d3dy53My5vcmcvMjAwMC9zdmciPjwvc3ZnPg==\" style=\"--smush-placeholder-width: 1000px; --smush-placeholder-aspect-ratio: 1000\/519;\" \/><figcaption class=\"wp-element-caption\">Castel Trauttmansdorff<\/figcaption><\/figure>\n\n\n\n<p>Viste le tantissime attivit\u00e0 presenti, compresi degli interessantissimi percorsi didattici per i pi\u00f9 piccoli, la visita ai giardini pu\u00f2 richiedere anche pi\u00f9 di 5 ore di tempo! Il fascino di questo luogo, perfettamente curato e sapientemente organizzato, \u00e8 in grado di regalare stupore e sorrisi per molte ore. Il tempo qui sembrer\u00e0 volare.<\/p>\n\n\n\n<p>Dopo aver carpito tutti i segreti della botanica, facciamo ritorno a Bolzano. Spendiamo il resto del pomeriggio alla scoperta di alcune delle tante attrazioni che questa citt\u00e0 ha da offrire.<\/p>\n\n\n\n<figure class=\"wp-block-image size-full\"><img decoding=\"async\" width=\"1920\" height=\"997\" data-src=\"https:\/\/informaviaggi.noleggioauto.it\/wp-content\/uploads\/2024\/05\/Bolzano-2.jpg\" alt=\"\" class=\"wp-image-8499 lazyload\" data-srcset=\"https:\/\/informaviaggi.noleggioauto.it\/wp-content\/uploads\/2024\/05\/Bolzano-2.jpg 1920w, https:\/\/informaviaggi.noleggioauto.it\/wp-content\/uploads\/2024\/05\/Bolzano-2-800x415.jpg 800w, https:\/\/informaviaggi.noleggioauto.it\/wp-content\/uploads\/2024\/05\/Bolzano-2-300x156.jpg 300w, https:\/\/informaviaggi.noleggioauto.it\/wp-content\/uploads\/2024\/05\/Bolzano-2-768x399.jpg 768w, https:\/\/informaviaggi.noleggioauto.it\/wp-content\/uploads\/2024\/05\/Bolzano-2-1536x798.jpg 1536w, https:\/\/informaviaggi.noleggioauto.it\/wp-content\/uploads\/2024\/05\/Bolzano-2-370x192.jpg 370w, https:\/\/informaviaggi.noleggioauto.it\/wp-content\/uploads\/2024\/05\/Bolzano-2-570x296.jpg 570w, https:\/\/informaviaggi.noleggioauto.it\/wp-content\/uploads\/2024\/05\/Bolzano-2-770x400.jpg 770w, https:\/\/informaviaggi.noleggioauto.it\/wp-content\/uploads\/2024\/05\/Bolzano-2-1170x608.jpg 1170w, https:\/\/informaviaggi.noleggioauto.it\/wp-content\/uploads\/2024\/05\/Bolzano-2-1117x580.jpg 1117w\" data-sizes=\"(max-width: 1920px) 100vw, 1920px\" src=\"data:image\/svg+xml;base64,PHN2ZyB3aWR0aD0iMSIgaGVpZ2h0PSIxIiB4bWxucz0iaHR0cDovL3d3dy53My5vcmcvMjAwMC9zdmciPjwvc3ZnPg==\" style=\"--smush-placeholder-width: 1920px; --smush-placeholder-aspect-ratio: 1920\/997;\" \/><figcaption class=\"wp-element-caption\">Le tipiche architetture di Bolzano<\/figcaption><\/figure>\n\n\n\n<p>Se siete appassionati di arte, o semplicemente avete voglia di vedere qualcosa di unico, <strong>il nostro suggerimento \u00e8 quello di fare una visita alla Chiesa dei Domenicani<\/strong>. All\u2019interno della chiesa, potrete ammirare uno splendido ciclo di affreschi, opera della scuola di Giotto, oltre a numerose opere d\u2019architettura variegata, dal gotico al rococ\u00f2.<\/p>\n\n\n\n<p>\u00c8 ora di fare un tuffo nel passato remoto: andiamo a fare visita all\u2019uomo \u201cpi\u00f9 vecchio\u201d del mondo presso il <em>Museo Archeologico dell&#8217;Alto Adige<\/em>! Qui \u00e8 infatti conservata la pi\u00f9 antica mummia naturale mai rinvenuta, il celebre <strong>\u00d6tzi<\/strong>, meta di migliaia di visitatori ogni anno.<\/p>\n\n\n\n<p>La storia di questo nostro simpatico antenato dagli occhi marroni ebbe inizio 5.300 anni fa quando, per cause a noi sconosciute, rimase vittima di una freccia scoccata da una distanza di circa 100 metri che lo colp\u00ec ad una spalla. Non sappiamo chi fu a scoccare quella freccia, sta di fatto che, eccessivamente provato dalla ferita, l\u2019uomo di accasci\u00f2 sulla neve senza pi\u00f9 rialzarsi.&nbsp;<\/p>\n\n\n\n<figure class=\"wp-block-image size-full\"><img decoding=\"async\" width=\"1000\" height=\"519\" data-src=\"https:\/\/informaviaggi.noleggioauto.it\/wp-content\/uploads\/2024\/05\/Otzi.jpg\" alt=\"\" class=\"wp-image-8509 lazyload\" data-srcset=\"https:\/\/informaviaggi.noleggioauto.it\/wp-content\/uploads\/2024\/05\/Otzi.jpg 1000w, https:\/\/informaviaggi.noleggioauto.it\/wp-content\/uploads\/2024\/05\/Otzi-800x415.jpg 800w, https:\/\/informaviaggi.noleggioauto.it\/wp-content\/uploads\/2024\/05\/Otzi-300x156.jpg 300w, https:\/\/informaviaggi.noleggioauto.it\/wp-content\/uploads\/2024\/05\/Otzi-768x399.jpg 768w, https:\/\/informaviaggi.noleggioauto.it\/wp-content\/uploads\/2024\/05\/Otzi-370x192.jpg 370w, https:\/\/informaviaggi.noleggioauto.it\/wp-content\/uploads\/2024\/05\/Otzi-570x296.jpg 570w, https:\/\/informaviaggi.noleggioauto.it\/wp-content\/uploads\/2024\/05\/Otzi-770x400.jpg 770w\" data-sizes=\"(max-width: 1000px) 100vw, 1000px\" src=\"data:image\/svg+xml;base64,PHN2ZyB3aWR0aD0iMSIgaGVpZ2h0PSIxIiB4bWxucz0iaHR0cDovL3d3dy53My5vcmcvMjAwMC9zdmciPjwvc3ZnPg==\" style=\"--smush-placeholder-width: 1000px; --smush-placeholder-aspect-ratio: 1000\/519;\" \/><figcaption class=\"wp-element-caption\">Ricostruzione di \u00d6tzi <\/figcaption><\/figure>\n\n\n\n<p>Il ghiaccio ha poi fatto il resto, fungendo da capsula del tempo fino al 1991, anno della sua scoperta. Questa, non solo ci consent\u00ec di studiarne il dna e quindi le sue origini (Medio Oriente) e predisposizioni genetiche, ma ci permise anche di progredire moltissimo nella comprensione della cultura del tempo. Insieme a lui furono infatti rinvenuti moltissimi attrezzi e reperti vari, tra cui un\u2019ascia di bronzo che, fino a quel momento, credevamo appartenere ad un\u2019epoca ben pi\u00f9 recente.<\/p>\n\n\n\n<p>Dopo questa bella lezione di storia, possiamo finalmente pensare alla cena! Le location tra cui scegliere sono tantissime, da Piazza Walther a Piazza del Grano, senza contare tutte le eleganti strade porticate che si snodano lungo tutta la citt\u00e0.<\/p>\n\n\n\n<p>Siamo dunque arrivati a met\u00e0 del nostro viaggio, finora decisamente rilassante. Ma non preoccupatevi, da domani si inizia a faticare. Ci aspettano grandi avventure e tante camminate all\u2019insegna del Trentino pi\u00f9 autentico e selvaggio. Presto, a nanna!<\/p>\n\n\n\n<h2 class=\"wp-block-heading\">Giorno 6 &#8211; Val Gardena e Rifugio Puez<\/h2>\n\n\n\n<p>Come dicevamo qualche riga fa, oggi si fa sul serio. Dopo aver ammirato i tesori artistici e architettonici di Bolzano, <strong>oggi ci immergiamo nella bellezza selvaggia delle Dolomiti<\/strong>. La nostra destinazione \u00e8 il <strong>Rifugio Puez<\/strong>, situato in un suggestivo anfiteatro roccioso nel cuore del <em>Parco Naturale Puez-Odle<\/em>.<\/p>\n\n\n\n<p>Ci dirigiamo dunque a <em>Passo Gardena<\/em>, a 2.121 metri di altitudine, luogo di partenza del nostro sentiero. Da qui dovremo seguire le indicazioni del percorso 2, un sentiero che si snoda tra rocce e ghiaie, in grado di regalare scorci sempre nuovi sulle montagne circostanti. Attraverseremo pascoli fioriti e piccoli ruscelli, costantemente immersi nella quiete della natura.<\/p>\n\n\n\n<figure class=\"wp-block-image size-full\"><img decoding=\"async\" width=\"1000\" height=\"519\" data-src=\"https:\/\/informaviaggi.noleggioauto.it\/wp-content\/uploads\/2024\/05\/Passo-Gardena.jpg\" alt=\"\" class=\"wp-image-8514 lazyload\" data-srcset=\"https:\/\/informaviaggi.noleggioauto.it\/wp-content\/uploads\/2024\/05\/Passo-Gardena.jpg 1000w, https:\/\/informaviaggi.noleggioauto.it\/wp-content\/uploads\/2024\/05\/Passo-Gardena-800x415.jpg 800w, https:\/\/informaviaggi.noleggioauto.it\/wp-content\/uploads\/2024\/05\/Passo-Gardena-300x156.jpg 300w, https:\/\/informaviaggi.noleggioauto.it\/wp-content\/uploads\/2024\/05\/Passo-Gardena-768x399.jpg 768w, https:\/\/informaviaggi.noleggioauto.it\/wp-content\/uploads\/2024\/05\/Passo-Gardena-370x192.jpg 370w, https:\/\/informaviaggi.noleggioauto.it\/wp-content\/uploads\/2024\/05\/Passo-Gardena-570x296.jpg 570w, https:\/\/informaviaggi.noleggioauto.it\/wp-content\/uploads\/2024\/05\/Passo-Gardena-770x400.jpg 770w\" data-sizes=\"(max-width: 1000px) 100vw, 1000px\" src=\"data:image\/svg+xml;base64,PHN2ZyB3aWR0aD0iMSIgaGVpZ2h0PSIxIiB4bWxucz0iaHR0cDovL3d3dy53My5vcmcvMjAwMC9zdmciPjwvc3ZnPg==\" style=\"--smush-placeholder-width: 1000px; --smush-placeholder-aspect-ratio: 1000\/519;\" \/><figcaption class=\"wp-element-caption\">L&#8217;incredibile vista dal Passo Gardena<\/figcaption><\/figure>\n\n\n\n<p>Dopo un centinaio di metri d\u2019ascesa raggiungiamo il <em>Rifugio Jimmy<\/em>. Da qui il sentiero sale pi\u00f9 ripido verso la <em>Forcella Cier<\/em>, che raggiungeremo dopo circa un\u2019ora di cammino. La fatica \u00e8 ben ricompensata dal panorama che si apre davanti a noi: un mare di cime dolomitiche che si perdono all&#8217;infinito.<\/p>\n\n\n\n<p>Dalla Forcella Cier il sentiero prosegue con una leggera discesa, prima di tornare a salire verso la <em>Forcella de Crespeina<\/em>, che raggiungeremo dopo circa 30 minuti. Da qui, il nostro consiglio \u00e8 quello di fare una deviazione sul sentiero 2A che, in circa un\u2019ora, ci porter\u00e0 alla cima del <em>Sas Ciampac<\/em>. Dalla cima prenderemo a scendere verso la Forcella de Ciampei, dove ci ricongiungeremo con il nostro sentiero originario. Questa deviazione la faremo solo all\u2019andata e allungher\u00e0 la nostra passeggiata di circa mezz\u2019ora.<\/p>\n\n\n\n<p>Finalmente, dopo altri 40 minuti di cammino, raggiungiamo il <em>Rifugio Puez<\/em>. Ci accoglie un&#8217;atmosfera calda e accogliente, tipica dei rifugi di montagna. Ci godiamo un meritato pranzo con piatti tipici trentini e ci rilassiamo ammirando il panorama mozzafiato che ci circonda.<\/p>\n\n\n\n<figure class=\"wp-block-image size-full\"><img decoding=\"async\" width=\"1000\" height=\"519\" data-src=\"https:\/\/informaviaggi.noleggioauto.it\/wp-content\/uploads\/2024\/05\/Rifugio-Puez.jpg\" alt=\"\" class=\"wp-image-8528 lazyload\" data-srcset=\"https:\/\/informaviaggi.noleggioauto.it\/wp-content\/uploads\/2024\/05\/Rifugio-Puez.jpg 1000w, https:\/\/informaviaggi.noleggioauto.it\/wp-content\/uploads\/2024\/05\/Rifugio-Puez-800x415.jpg 800w, https:\/\/informaviaggi.noleggioauto.it\/wp-content\/uploads\/2024\/05\/Rifugio-Puez-300x156.jpg 300w, https:\/\/informaviaggi.noleggioauto.it\/wp-content\/uploads\/2024\/05\/Rifugio-Puez-768x399.jpg 768w, https:\/\/informaviaggi.noleggioauto.it\/wp-content\/uploads\/2024\/05\/Rifugio-Puez-370x192.jpg 370w, https:\/\/informaviaggi.noleggioauto.it\/wp-content\/uploads\/2024\/05\/Rifugio-Puez-570x296.jpg 570w, https:\/\/informaviaggi.noleggioauto.it\/wp-content\/uploads\/2024\/05\/Rifugio-Puez-770x400.jpg 770w\" data-sizes=\"(max-width: 1000px) 100vw, 1000px\" src=\"data:image\/svg+xml;base64,PHN2ZyB3aWR0aD0iMSIgaGVpZ2h0PSIxIiB4bWxucz0iaHR0cDovL3d3dy53My5vcmcvMjAwMC9zdmciPjwvc3ZnPg==\" style=\"--smush-placeholder-width: 1000px; --smush-placeholder-aspect-ratio: 1000\/519;\" \/><figcaption class=\"wp-element-caption\">Rifugio Puez<\/figcaption><\/figure>\n\n\n\n<p>Il primo pomeriggio \u00e8 dedicato al relax, ce lo meritiamo! Possiamo poi esplorare i dintorni del rifugio, facendo ad esempio una passeggiata lungo il sentiero che porta al <em>Lago de Crespeina<\/em>.<\/p>\n\n\n\n<p>Ricaricate le energie, siamo pronti per tornare al punto di partenza. La discesa sar\u00e0 pi\u00f9 rapida e in tutto impiegheremo circa 6 ore tra andata e ritorno.<\/p>\n\n\n\n<p>In serata, probabilmente, non avremo le forze per fare altro. A letto presto, dunque, ma non senza prima aver provato un buon piatto di canederli!<\/p>\n\n\n\n<h2 class=\"wp-block-heading\">Giorno 7 &#8211; Lago di Braies e Malga Fojedora<\/h2>\n\n\n\n<p>La nostra prima destinazione di giornata prevede circa un\u2019ora e mezza di viaggio: non troppo, ma nemmeno troppo poco. Ci svegliamo dunque con i primi raggi di sole e ci prepariamo a salutare Bolzano, magari davanti a una ricca colazione.<\/p>\n\n\n\n<p>Puntiamo quindi una delle attrazioni pi\u00f9 incantevoli dell\u2019intera regione,<strong> il Lago di Braies, forse il lago pi\u00f9 celebre di tutto l\u2019arco alpino<\/strong>.<\/p>\n\n\n\n<figure class=\"wp-block-image size-full\"><img decoding=\"async\" width=\"1000\" height=\"519\" data-src=\"https:\/\/informaviaggi.noleggioauto.it\/wp-content\/uploads\/2024\/05\/Lago-di-Braies-2.jpg\" alt=\"\" class=\"wp-image-8504 lazyload\" data-srcset=\"https:\/\/informaviaggi.noleggioauto.it\/wp-content\/uploads\/2024\/05\/Lago-di-Braies-2.jpg 1000w, https:\/\/informaviaggi.noleggioauto.it\/wp-content\/uploads\/2024\/05\/Lago-di-Braies-2-800x415.jpg 800w, https:\/\/informaviaggi.noleggioauto.it\/wp-content\/uploads\/2024\/05\/Lago-di-Braies-2-300x156.jpg 300w, https:\/\/informaviaggi.noleggioauto.it\/wp-content\/uploads\/2024\/05\/Lago-di-Braies-2-768x399.jpg 768w, https:\/\/informaviaggi.noleggioauto.it\/wp-content\/uploads\/2024\/05\/Lago-di-Braies-2-370x192.jpg 370w, https:\/\/informaviaggi.noleggioauto.it\/wp-content\/uploads\/2024\/05\/Lago-di-Braies-2-570x296.jpg 570w, https:\/\/informaviaggi.noleggioauto.it\/wp-content\/uploads\/2024\/05\/Lago-di-Braies-2-770x400.jpg 770w\" data-sizes=\"(max-width: 1000px) 100vw, 1000px\" src=\"data:image\/svg+xml;base64,PHN2ZyB3aWR0aD0iMSIgaGVpZ2h0PSIxIiB4bWxucz0iaHR0cDovL3d3dy53My5vcmcvMjAwMC9zdmciPjwvc3ZnPg==\" style=\"--smush-placeholder-width: 1000px; --smush-placeholder-aspect-ratio: 1000\/519;\" \/><figcaption class=\"wp-element-caption\">Il lago di Braies circondato da spettacolari montagne<\/figcaption><\/figure>\n\n\n\n<p><strong>Questo lago \u00e8 in grado offrire un\u2019esperienza da sogno in qualunque stagione decidiate di visitarlo.<\/strong> D\u2019estate potrete ammirare i colori vivaci della natura riflessi nelle limpide acque, d\u2019inverno sarete catturati da un paesaggio immacolato, decorato da splendide luminarie natalizie. In primavera sar\u00e0 gi\u00e0 possibile navigare le acque color smeraldo del lago, mentre col freddo potrete attraversarlo a piedi, stando attenti a non scivolare sul ghiaccio!<\/p>\n\n\n\n<p>Tutto intorno al lago, un florilegio di vette alpine spettacolari. I tanti sentieri che si snodano lungo il suo perimetro vi permetteranno di ammirare il lago da diverse angolazioni e altezze, offrendovi la possibilit\u00e0 di scattare foto spettacolari.&nbsp;<\/p>\n\n\n\n<p><em>Il consiglio che vi diamo \u00e8 quello di prenotare il parcheggio il giorno prima. Una volta che avrete comunicato la targa dell\u2019auto, la sbarra del parcheggio si aprir\u00e0 automaticamente al vostro arrivo.<\/em><\/p>\n\n\n\n<p><em>Dopo un consiglio, aggiungiamo un piccolo avvertimento. La bellezza di questo lago attrae per ovvi motivi moltissimi turisti da ogni parte del mondo. Se viaggiate ad agosto o nei giorni di festa a cavallo del capodanno, aspettatevi molto caos.<\/em><\/p>\n\n\n\n<p>Il consiglio di arrivare molto presto la mattina possedeva una duplice funzione: da un lato ci consente di anticipare il principale flusso turistico, dall\u2019altro ci lascia il tempo di effettuare una splendida escursione.&nbsp;<\/p>\n\n\n\n<figure class=\"wp-block-image size-full\"><img decoding=\"async\" width=\"1000\" height=\"519\" data-src=\"https:\/\/informaviaggi.noleggioauto.it\/wp-content\/uploads\/2024\/05\/Lago-di-Braies.jpg\" alt=\"\" class=\"wp-image-8503 lazyload\" data-srcset=\"https:\/\/informaviaggi.noleggioauto.it\/wp-content\/uploads\/2024\/05\/Lago-di-Braies.jpg 1000w, https:\/\/informaviaggi.noleggioauto.it\/wp-content\/uploads\/2024\/05\/Lago-di-Braies-800x415.jpg 800w, https:\/\/informaviaggi.noleggioauto.it\/wp-content\/uploads\/2024\/05\/Lago-di-Braies-300x156.jpg 300w, https:\/\/informaviaggi.noleggioauto.it\/wp-content\/uploads\/2024\/05\/Lago-di-Braies-768x399.jpg 768w, https:\/\/informaviaggi.noleggioauto.it\/wp-content\/uploads\/2024\/05\/Lago-di-Braies-370x192.jpg 370w, https:\/\/informaviaggi.noleggioauto.it\/wp-content\/uploads\/2024\/05\/Lago-di-Braies-570x296.jpg 570w, https:\/\/informaviaggi.noleggioauto.it\/wp-content\/uploads\/2024\/05\/Lago-di-Braies-770x400.jpg 770w\" data-sizes=\"(max-width: 1000px) 100vw, 1000px\" src=\"data:image\/svg+xml;base64,PHN2ZyB3aWR0aD0iMSIgaGVpZ2h0PSIxIiB4bWxucz0iaHR0cDovL3d3dy53My5vcmcvMjAwMC9zdmciPjwvc3ZnPg==\" style=\"--smush-placeholder-width: 1000px; --smush-placeholder-aspect-ratio: 1000\/519;\" \/><figcaption class=\"wp-element-caption\">Una gita in barca sul lago di Braies<\/figcaption><\/figure>\n\n\n\n<p>Proprio dalla sponda occidentale del lago di Braies \u00e8 possibile incamminarsi verso la <em>Malga Fojedora<\/em>, un alpeggio situato a circa 2.118 metri di altitudine, a circa 3 ore di cammino dal lago. Il percorso non \u00e8 particolarmente complicato ma, essendo tutto in salita, potrebbe risultare faticoso, soprattutto nel pi\u00f9 ripido tratto finale.<\/p>\n\n\n\n<p>Il tratto iniziale di questa passeggiata costeggia il lago fino ad arrivare ad una bella spiaggetta. Questi primi minuti ci consentiranno di ammirare la celebre <em>Croda del Becco<\/em>, una cima alpina che precipita dritta nel lago creando uno spettacolo senza pari.&nbsp;<\/p>\n\n\n\n<p>Da qui inizieremo a salire dolcemente seguendo la comodissima forestale numero 19, che ci permetter\u00e0 di attraversare la <em>Val Foresta<\/em> fino a raggiungere <em>Malga Foresta<\/em> (circa 30 minuti). Fin qui il percorso \u00e8 adatto a tutti, passeggini compresi.&nbsp;<\/p>\n\n\n\n<p>Se il tempo e le energie non vi mancano, allora dovete proseguire. Un tratto di leggeri saliscendi ci portano all\u2019imbocco della salita pi\u00f9 dura, in corrispondenza della baita <em>Alte Kaser Alm<\/em> (m.1751).&nbsp;<\/p>\n\n\n\n<p>Il sentiero diventa improvvisamente pi\u00f9 impegnativo e soprattutto molto pi\u00f9 ripido. Nulla di pericoloso, ma indubbiamente molto faticoso. Anche se vi sembrer\u00e0 di non arrivare mai, prima o poi, seppur stremati, avvisterete la malga. La bellezza del luogo unita al sollievo, renderanno questo momento speciale.<\/p>\n\n\n\n<figure class=\"wp-block-image size-full\"><img decoding=\"async\" width=\"1000\" height=\"519\" data-src=\"https:\/\/informaviaggi.noleggioauto.it\/wp-content\/uploads\/2024\/05\/Malga-Fojedora.jpg\" alt=\"\" class=\"wp-image-8530 lazyload\" data-srcset=\"https:\/\/informaviaggi.noleggioauto.it\/wp-content\/uploads\/2024\/05\/Malga-Fojedora.jpg 1000w, https:\/\/informaviaggi.noleggioauto.it\/wp-content\/uploads\/2024\/05\/Malga-Fojedora-800x415.jpg 800w, https:\/\/informaviaggi.noleggioauto.it\/wp-content\/uploads\/2024\/05\/Malga-Fojedora-300x156.jpg 300w, https:\/\/informaviaggi.noleggioauto.it\/wp-content\/uploads\/2024\/05\/Malga-Fojedora-768x399.jpg 768w, https:\/\/informaviaggi.noleggioauto.it\/wp-content\/uploads\/2024\/05\/Malga-Fojedora-370x192.jpg 370w, https:\/\/informaviaggi.noleggioauto.it\/wp-content\/uploads\/2024\/05\/Malga-Fojedora-570x296.jpg 570w, https:\/\/informaviaggi.noleggioauto.it\/wp-content\/uploads\/2024\/05\/Malga-Fojedora-770x400.jpg 770w\" data-sizes=\"(max-width: 1000px) 100vw, 1000px\" src=\"data:image\/svg+xml;base64,PHN2ZyB3aWR0aD0iMSIgaGVpZ2h0PSIxIiB4bWxucz0iaHR0cDovL3d3dy53My5vcmcvMjAwMC9zdmciPjwvc3ZnPg==\" style=\"--smush-placeholder-width: 1000px; --smush-placeholder-aspect-ratio: 1000\/519;\" \/><figcaption class=\"wp-element-caption\">Vista sulla Malga Fojedora<\/figcaption><\/figure>\n\n\n\n<p>Il meritato riposo pu\u00f2 essere accompagnato dalla degustazione dei prodotti tipici che vengono prodotti in malga, un\u2019esperienza imperdibile.<\/p>\n\n\n\n<p>Ricaricate le energie ci attendono circa due ore e mezza di discesa per tornare al punto di partenza, da cui poi ripartire per raggiungere il nostro prossimo alloggio, <strong>la splendida cittadina di Badia<\/strong>, a circa 1 ora dal lago.<\/p>\n\n\n\n<h2 class=\"wp-block-heading\">Giorno 8 &#8211; Marmolada<\/h2>\n\n\n\n<p><strong>L\u2019ottavo giorno di viaggio ci porta alla scoperta del pi\u00f9 celebre gruppo montuoso di tutte le Alpi, la Marmolada<\/strong>. Non a caso definita <em>\u201cLa Regina delle Dolomiti\u201d<\/em>, le sue cime sono in grado di lasciare a bocca aperta chiunque si pari al loro cospetto.<\/p>\n\n\n\n<p>Una volta raggiunta <em>Malga Ciap\u00e8la<\/em>, una comoda funivia sar\u00e0 in grado di portarci in cima a <em>Punta Rocca<\/em> (m. 3265), dove potremo ammirare uno dei panorami pi\u00f9 spettacolari al mondo. La terrazza \u00e8 raggiungibile da chiunque, non presentando alcuna barriera architettonica.<\/p>\n\n\n\n<figure class=\"wp-block-image size-full\"><img decoding=\"async\" width=\"1000\" height=\"519\" data-src=\"https:\/\/informaviaggi.noleggioauto.it\/wp-content\/uploads\/2024\/05\/Malga-Ciapela.jpg\" alt=\"\" class=\"wp-image-8507 lazyload\" data-srcset=\"https:\/\/informaviaggi.noleggioauto.it\/wp-content\/uploads\/2024\/05\/Malga-Ciapela.jpg 1000w, https:\/\/informaviaggi.noleggioauto.it\/wp-content\/uploads\/2024\/05\/Malga-Ciapela-800x415.jpg 800w, https:\/\/informaviaggi.noleggioauto.it\/wp-content\/uploads\/2024\/05\/Malga-Ciapela-300x156.jpg 300w, https:\/\/informaviaggi.noleggioauto.it\/wp-content\/uploads\/2024\/05\/Malga-Ciapela-768x399.jpg 768w, https:\/\/informaviaggi.noleggioauto.it\/wp-content\/uploads\/2024\/05\/Malga-Ciapela-370x192.jpg 370w, https:\/\/informaviaggi.noleggioauto.it\/wp-content\/uploads\/2024\/05\/Malga-Ciapela-570x296.jpg 570w, https:\/\/informaviaggi.noleggioauto.it\/wp-content\/uploads\/2024\/05\/Malga-Ciapela-770x400.jpg 770w\" data-sizes=\"(max-width: 1000px) 100vw, 1000px\" src=\"data:image\/svg+xml;base64,PHN2ZyB3aWR0aD0iMSIgaGVpZ2h0PSIxIiB4bWxucz0iaHR0cDovL3d3dy53My5vcmcvMjAwMC9zdmciPjwvc3ZnPg==\" style=\"--smush-placeholder-width: 1000px; --smush-placeholder-aspect-ratio: 1000\/519;\" \/><figcaption class=\"wp-element-caption\">La valle che ospita Malga Ciapela<\/figcaption><\/figure>\n\n\n\n<p>Lungo la funivia avremo la possibilit\u00e0 di effettuare delle tappe intermedie. Una di queste ci consentir\u00e0 di visitare il <em>\u201cMuseo Marmolada della Grande Guerra 3000 m\u201d<\/em>, un museo da poco rinnovato che ospita cimeli e storie della grande guerra, vissute proprio in quei luoghi.<\/p>\n\n\n\n<p><strong>\u00c8 il museo pi\u00f9 alto d\u2019Europa<\/strong> e in estate offre la possibilit\u00e0 di esplorare gallerie e camminamenti usati in tempo di guerra seguendo una piccola ferrata. L\u2019esperienza si completa in circa un\u2019ora e mezza e noi la consigliamo vivamente.<\/p>\n\n\n\n<figure class=\"wp-block-image size-full\"><img decoding=\"async\" width=\"1000\" height=\"519\" data-src=\"https:\/\/informaviaggi.noleggioauto.it\/wp-content\/uploads\/2024\/05\/Marmolada.jpg\" alt=\"\" class=\"wp-image-8508 lazyload\" data-srcset=\"https:\/\/informaviaggi.noleggioauto.it\/wp-content\/uploads\/2024\/05\/Marmolada.jpg 1000w, https:\/\/informaviaggi.noleggioauto.it\/wp-content\/uploads\/2024\/05\/Marmolada-800x415.jpg 800w, https:\/\/informaviaggi.noleggioauto.it\/wp-content\/uploads\/2024\/05\/Marmolada-300x156.jpg 300w, https:\/\/informaviaggi.noleggioauto.it\/wp-content\/uploads\/2024\/05\/Marmolada-768x399.jpg 768w, https:\/\/informaviaggi.noleggioauto.it\/wp-content\/uploads\/2024\/05\/Marmolada-370x192.jpg 370w, https:\/\/informaviaggi.noleggioauto.it\/wp-content\/uploads\/2024\/05\/Marmolada-570x296.jpg 570w, https:\/\/informaviaggi.noleggioauto.it\/wp-content\/uploads\/2024\/05\/Marmolada-770x400.jpg 770w\" data-sizes=\"(max-width: 1000px) 100vw, 1000px\" src=\"data:image\/svg+xml;base64,PHN2ZyB3aWR0aD0iMSIgaGVpZ2h0PSIxIiB4bWxucz0iaHR0cDovL3d3dy53My5vcmcvMjAwMC9zdmciPjwvc3ZnPg==\" style=\"--smush-placeholder-width: 1000px; --smush-placeholder-aspect-ratio: 1000\/519;\" \/><figcaption class=\"wp-element-caption\">La Regina delle Dolomiti<\/figcaption><\/figure>\n\n\n\n<p>Sulla Marmolada ci sono molti percorsi che ci porteranno a camminare su ghiacciai e sentieri mozzafiato. A proposito di ghiacciai, il cambiamento climatico ha fatto s\u00ec che negli ultimi anni quello della marmolada (stessa sorte di quasi tutti i ghiacciai alpini) si sia ritirato quasi per met\u00e0. Ogni anno perde circa 5 ettari di profondit\u00e0 e il processo pare inarrestabile. Questi luoghi sono in grado di sensibilizzarci su tematiche altrimenti intangibili, generalmente lontane dai nostri occhi, stimolando riflessioni profonde sui nostri atteggiamenti verso la natura.<\/p>\n\n\n\n<p><strong>Nel tardo pomeriggio ci dirigiamo verso Cavalese<\/strong>, a circa un\u2019ora di macchina, celebre meta di villeggiatura estiva e invernale, dove potremo goderci il meritato relax.<\/p>\n\n\n\n<div class=\"wp-block-cover alignfull is-light\" style=\"margin-top:0;padding-top:5vw;padding-right:5vw;padding-bottom:5vw;padding-left:5vw;min-height:1189px;aspect-ratio:unset;\"><span aria-hidden=\"true\" class=\"wp-block-cover__background has-background-dim-100 has-background-dim\" style=\"background-color:#ff552e\"><\/span><div class=\"wp-block-cover__inner-container is-layout-flow wp-block-cover-is-layout-flow\">\n<div class=\"wp-block-group is-layout-flex wp-container-core-group-is-layout-7f408244 wp-block-group-is-layout-flex\">\n<div class=\"wp-block-group wp-container-content-9cfa9a5a\"><div class=\"wp-block-group__inner-container is-layout-flow wp-block-group-is-layout-flow\">\n<p class=\"has-text-align-left has-black-color has-text-color\" style=\"font-size:130px;font-style:normal;font-weight:700;letter-spacing:-4px;line-height:0.9;text-transform:none\">CUCINA<br>TIPICA<\/p>\n\n\n\n<p><\/p>\n\n\n\n<p class=\"has-text-align-left has-white-color has-text-color\" style=\"font-size:100px;font-style:normal;font-weight:700;letter-spacing:-4px;line-height:0.9;text-transform:none\">Val di<\/p>\n\n\n\n<p class=\"has-text-align-left has-white-color has-text-color\" style=\"font-size:100px;font-style:normal;font-weight:700;letter-spacing:-4px;line-height:0.9;text-transform:none\">Fiemme<\/p>\n<\/div><\/div>\n\n\n\n<div class=\"wp-block-group wp-container-content-5b91cf2b is-vertical is-nowrap is-layout-flex wp-container-core-group-is-layout-07e09966 wp-block-group-is-layout-flex\"><\/div>\n<\/div>\n\n\n\n<p>Finora abbiamo ammirato splendide architetture, calpestato ghiacciai millenari, nuotato dentro laghi fiabeschi. Abbiamo faticato, riso e scherzato. \u00c8 finalmente ora di parlare di cibo.<\/p>\n\n\n\n<p>La cucina del Trentino Alto-Adige risente delle influenze culinarie delle regioni limitrofe, in particolare di quella <em>altoatesina<\/em>, di tradizione tipicamente austriaca. Inoltre, essendo il suo territorio immerso nell\u2019arco alpino, la gastronomia trentina \u00e8 caratterizzata dagli <strong>ingredienti della cucina povera montana<\/strong>.<\/p>\n\n\n<div class=\"wp-block-image\">\n<figure class=\"aligncenter size-full is-resized\"><img decoding=\"async\" width=\"154\" height=\"158\" data-src=\"https:\/\/informaviaggi.noleggioauto.it\/wp-content\/uploads\/2024\/05\/Risorsa-1@2x.png\" alt=\"\" class=\"wp-image-8575 lazyload\" style=\"--smush-placeholder-width: 154px; --smush-placeholder-aspect-ratio: 154\/158;width:141px;height:auto\" src=\"data:image\/svg+xml;base64,PHN2ZyB3aWR0aD0iMSIgaGVpZ2h0PSIxIiB4bWxucz0iaHR0cDovL3d3dy53My5vcmcvMjAwMC9zdmciPjwvc3ZnPg==\" \/><\/figure>\n<\/div>\n\n\n<div style=\"height:38px\" aria-hidden=\"true\" class=\"wp-block-spacer\"><\/div>\n\n\n\n<p><strong>Le patate sono alla base di moltissimi piatti tipici<\/strong>, come ad esempio i <em>tortei di patate<\/em>, delle squisite polpette di patate grattugiate e fritte, consumate come antipasto o come secondo. <strong>Sono considerate il piatto pi\u00f9 tipico delle valli di Non, Sole e Fiemme<\/strong>. Ordinatele, non ve ne pentirete!<\/p>\n\n\n\n<p>Un altro piatto tipicamente trentino \u00e8 la <em>minestra da orz<\/em>, una zuppa d\u2019orzo tipica della tradizione contadina, nonch\u00e9 una delle zuppe pi\u00f9 gustose d\u2019Italia! Il suo sapore ricco \u00e8 frutto di una moltitudine di ingredienti locali, uniti ad una lenta cottura in grado di renderla morbida e cremosa.<\/p>\n\n\n<div class=\"wp-block-image\">\n<figure class=\"aligncenter size-full is-resized\"><img decoding=\"async\" width=\"159\" height=\"200\" data-src=\"https:\/\/informaviaggi.noleggioauto.it\/wp-content\/uploads\/2024\/05\/Risorsa-2@2x-1.png\" alt=\"\" class=\"wp-image-8576 lazyload\" style=\"--smush-placeholder-width: 159px; --smush-placeholder-aspect-ratio: 159\/200;width:125px;height:auto\" src=\"data:image\/svg+xml;base64,PHN2ZyB3aWR0aD0iMSIgaGVpZ2h0PSIxIiB4bWxucz0iaHR0cDovL3d3dy53My5vcmcvMjAwMC9zdmciPjwvc3ZnPg==\" \/><\/figure>\n<\/div>\n\n\n<div style=\"height:38px\" aria-hidden=\"true\" class=\"wp-block-spacer\"><\/div>\n\n\n\n<p>Tra i tanti salumi tipici della regione, quello che vi consigliamo di provare \u00e8 la <em>Mortandela<\/em>, che non troverete altrove. \u00c8 un salame costituito dalle parti nobili del maiale, poi avvolto in farina di grano saraceno. \u00c8 un presidio Slow Food della Val di Fiemme, a Cavalese non mancher\u00e0 occasione per assaggiarlo.<\/p>\n\n\n\n<p><strong>Una delle pi\u00f9 grandi tradizioni culinarie del Trentino \u00e8 costituita dai formaggi<\/strong>. In particolare, proprio nella Val di Fiemme si trova la cosiddetta <em>\u201cStrada dei formaggi delle Dolomiti\u201d<\/em>, un percorso che attraversa la valle e che riunisce tutti i produttori caseari della regione, promuovendone i prodotti tramite una moltitudine di eventi sparsi lungo la valle.<\/p>\n\n\n\n<p>A Cavalese non potrete non assaggiare il <em>Caprino di Cavalese<\/em>, un formaggio di capra rinomato in tutta Italia, che qui potrete gustare nel suo sapore pi\u00f9 autentico. Altri formaggi tipici della zona sono il <em>Val di Fiemme<\/em>, il <em>Dolomiti<\/em> e il <em>Fontal. <\/em>Non ci resta che augurarvi \u201cBuon appetito\u201d!<\/p>\n\n\n<div class=\"wp-block-image\">\n<figure class=\"aligncenter size-full is-resized\"><img decoding=\"async\" width=\"122\" height=\"137\" data-src=\"https:\/\/informaviaggi.noleggioauto.it\/wp-content\/uploads\/2024\/05\/Risorsa-3@2x.png\" alt=\"\" class=\"wp-image-8577 lazyload\" style=\"--smush-placeholder-width: 122px; --smush-placeholder-aspect-ratio: 122\/137;width:125px;height:auto\" src=\"data:image\/svg+xml;base64,PHN2ZyB3aWR0aD0iMSIgaGVpZ2h0PSIxIiB4bWxucz0iaHR0cDovL3d3dy53My5vcmcvMjAwMC9zdmciPjwvc3ZnPg==\" \/><\/figure>\n<\/div><\/div><\/div>\n\n\n\n<h2 class=\"wp-block-heading\">Giorno 9 &#8211; Pale di San Martino e Passo Rolle<\/h2>\n\n\n\n<p>Dopo averle ammirate da lontano nella giornata di ieri, <strong>quest\u2019oggi ci spingiamo fin sotto le Pale di San Martino<\/strong>. Questa incredibile formazione montuosa non ha bisogno di presentazioni. Sono le protagoniste di tantissime cartoline alpine e una delle geometrie pi\u00f9 iconiche della natura.<\/p>\n\n\n\n<figure class=\"wp-block-image size-full\"><img decoding=\"async\" width=\"1000\" height=\"519\" data-src=\"https:\/\/informaviaggi.noleggioauto.it\/wp-content\/uploads\/2024\/05\/Pale-di-San-Martino-Trentino.jpg\" alt=\"\" class=\"wp-image-8513 lazyload\" data-srcset=\"https:\/\/informaviaggi.noleggioauto.it\/wp-content\/uploads\/2024\/05\/Pale-di-San-Martino-Trentino.jpg 1000w, https:\/\/informaviaggi.noleggioauto.it\/wp-content\/uploads\/2024\/05\/Pale-di-San-Martino-Trentino-800x415.jpg 800w, https:\/\/informaviaggi.noleggioauto.it\/wp-content\/uploads\/2024\/05\/Pale-di-San-Martino-Trentino-300x156.jpg 300w, https:\/\/informaviaggi.noleggioauto.it\/wp-content\/uploads\/2024\/05\/Pale-di-San-Martino-Trentino-768x399.jpg 768w, https:\/\/informaviaggi.noleggioauto.it\/wp-content\/uploads\/2024\/05\/Pale-di-San-Martino-Trentino-370x192.jpg 370w, https:\/\/informaviaggi.noleggioauto.it\/wp-content\/uploads\/2024\/05\/Pale-di-San-Martino-Trentino-570x296.jpg 570w, https:\/\/informaviaggi.noleggioauto.it\/wp-content\/uploads\/2024\/05\/Pale-di-San-Martino-Trentino-770x400.jpg 770w\" data-sizes=\"(max-width: 1000px) 100vw, 1000px\" src=\"data:image\/svg+xml;base64,PHN2ZyB3aWR0aD0iMSIgaGVpZ2h0PSIxIiB4bWxucz0iaHR0cDovL3d3dy53My5vcmcvMjAwMC9zdmciPjwvc3ZnPg==\" style=\"--smush-placeholder-width: 1000px; --smush-placeholder-aspect-ratio: 1000\/519;\" \/><figcaption class=\"wp-element-caption\">Le inconfondibili Pale di San Martino<\/figcaption><\/figure>\n\n\n\n<p><strong>Per gustarne la vista al meglio, percorreremo uno dei sentieri pi\u00f9 belli della zona, il trekking del Cristo Pensante<\/strong>. Un tragitto piuttosto semplice che, in circa 2 ore, ci consentir\u00e0 di raggiungere un punto panoramico favoloso da cui ammirare le Pale di San Martino in tutto il loro splendore.<\/p>\n\n\n\n<figure class=\"wp-block-image size-full\"><img decoding=\"async\" width=\"1000\" height=\"519\" data-src=\"https:\/\/informaviaggi.noleggioauto.it\/wp-content\/uploads\/2024\/05\/Pale-di-San-Martino-Dettaglio.jpg\" alt=\"\" class=\"wp-image-8512 lazyload\" data-srcset=\"https:\/\/informaviaggi.noleggioauto.it\/wp-content\/uploads\/2024\/05\/Pale-di-San-Martino-Dettaglio.jpg 1000w, https:\/\/informaviaggi.noleggioauto.it\/wp-content\/uploads\/2024\/05\/Pale-di-San-Martino-Dettaglio-800x415.jpg 800w, https:\/\/informaviaggi.noleggioauto.it\/wp-content\/uploads\/2024\/05\/Pale-di-San-Martino-Dettaglio-300x156.jpg 300w, https:\/\/informaviaggi.noleggioauto.it\/wp-content\/uploads\/2024\/05\/Pale-di-San-Martino-Dettaglio-768x399.jpg 768w, https:\/\/informaviaggi.noleggioauto.it\/wp-content\/uploads\/2024\/05\/Pale-di-San-Martino-Dettaglio-370x192.jpg 370w, https:\/\/informaviaggi.noleggioauto.it\/wp-content\/uploads\/2024\/05\/Pale-di-San-Martino-Dettaglio-570x296.jpg 570w, https:\/\/informaviaggi.noleggioauto.it\/wp-content\/uploads\/2024\/05\/Pale-di-San-Martino-Dettaglio-770x400.jpg 770w\" data-sizes=\"(max-width: 1000px) 100vw, 1000px\" src=\"data:image\/svg+xml;base64,PHN2ZyB3aWR0aD0iMSIgaGVpZ2h0PSIxIiB4bWxucz0iaHR0cDovL3d3dy53My5vcmcvMjAwMC9zdmciPjwvc3ZnPg==\" style=\"--smush-placeholder-width: 1000px; --smush-placeholder-aspect-ratio: 1000\/519;\" \/><figcaption class=\"wp-element-caption\">Suggestivo dettaglio delle tre pale<\/figcaption><\/figure>\n\n\n\n<p>Ci dirigiamo dunque al <em>Passo Rolle<\/em>, da dove seguiamo le indicazioni per la <em>Capanna Cervino <\/em>e la <em>Baita Segantini<\/em>, una delle mete pi\u00f9 celebri delle dolomiti. Il sentiero \u00e8 un ampio sterrato che non presenta particolari difficolt\u00e0, rendendolo adatto praticamente a tutti.<\/p>\n\n\n\n<p>Dalla Baita Segantini proseguiamo verso la statua del Cristo Pensante, poco prima della cima del <em>monte Castellazzo<\/em>. Una volta giunti in cima, ci si apre un panorama a dir poco unico. <strong>In un colpo solo potremo ammirare moltissime delle celebri vette del complesso delle Pale di San Martino<\/strong>.<\/p>\n\n\n\n<figure class=\"wp-block-image size-full\"><img decoding=\"async\" width=\"1000\" height=\"519\" data-src=\"https:\/\/informaviaggi.noleggioauto.it\/wp-content\/uploads\/2024\/05\/Passo-Rolle.jpg\" alt=\"\" class=\"wp-image-8515 lazyload\" data-srcset=\"https:\/\/informaviaggi.noleggioauto.it\/wp-content\/uploads\/2024\/05\/Passo-Rolle.jpg 1000w, https:\/\/informaviaggi.noleggioauto.it\/wp-content\/uploads\/2024\/05\/Passo-Rolle-800x415.jpg 800w, https:\/\/informaviaggi.noleggioauto.it\/wp-content\/uploads\/2024\/05\/Passo-Rolle-300x156.jpg 300w, https:\/\/informaviaggi.noleggioauto.it\/wp-content\/uploads\/2024\/05\/Passo-Rolle-768x399.jpg 768w, https:\/\/informaviaggi.noleggioauto.it\/wp-content\/uploads\/2024\/05\/Passo-Rolle-370x192.jpg 370w, https:\/\/informaviaggi.noleggioauto.it\/wp-content\/uploads\/2024\/05\/Passo-Rolle-570x296.jpg 570w, https:\/\/informaviaggi.noleggioauto.it\/wp-content\/uploads\/2024\/05\/Passo-Rolle-770x400.jpg 770w\" data-sizes=\"(max-width: 1000px) 100vw, 1000px\" src=\"data:image\/svg+xml;base64,PHN2ZyB3aWR0aD0iMSIgaGVpZ2h0PSIxIiB4bWxucz0iaHR0cDovL3d3dy53My5vcmcvMjAwMC9zdmciPjwvc3ZnPg==\" style=\"--smush-placeholder-width: 1000px; --smush-placeholder-aspect-ratio: 1000\/519;\" \/><figcaption class=\"wp-element-caption\">Una delle emozionanti vedute del Passo Rolle<\/figcaption><\/figure>\n\n\n\n<p>Per ridiscendere al punto di partenza potremo ripercorrere la strada effettuata all\u2019andata, oppure, se siete pi\u00f9 preparati, potremo imboccare una delle \u201cscorciatoie\u201d che riportano direttamente al Passo Rolle. Valutate in base alla vostra preparazione.<\/p>\n\n\n\n<p>Se non siete ancora sazi di avventura, il punto informazioni vi offrir\u00e0 tutto il materiale e i consigli migliori per spendere il resto della giornata immersi nella natura incontrastata del parco. Una volta fatta scorta di emozioni ed esperienze indimenticabili, potremo fare ritorno a Cavalese, dove ci attende una cena coi fiocchi\u2026<\/p>\n\n\n\n<div class=\"wp-block-group\"><div class=\"wp-block-group__inner-container is-layout-constrained wp-block-group-is-layout-constrained\">\n<p><\/p>\n<\/div><\/div>\n\n\n\n<h2 class=\"wp-block-heading\">Giorno 10 &#8211; Da Cavalese a Trento<\/h2>\n\n\n\n<p>Il nostro viaggio in Trentino volge al termine, ma prima di lasciare questa regione meravigliosa, abbiamo ancora un giorno da dedicare alle sue bellezze.<\/p>\n\n\n\n<figure class=\"wp-block-image size-full\"><img decoding=\"async\" width=\"1000\" height=\"519\" data-src=\"https:\/\/informaviaggi.noleggioauto.it\/wp-content\/uploads\/2024\/05\/Cavalese.jpg\" alt=\"\" class=\"wp-image-8536 lazyload\" data-srcset=\"https:\/\/informaviaggi.noleggioauto.it\/wp-content\/uploads\/2024\/05\/Cavalese.jpg 1000w, https:\/\/informaviaggi.noleggioauto.it\/wp-content\/uploads\/2024\/05\/Cavalese-800x415.jpg 800w, https:\/\/informaviaggi.noleggioauto.it\/wp-content\/uploads\/2024\/05\/Cavalese-300x156.jpg 300w, https:\/\/informaviaggi.noleggioauto.it\/wp-content\/uploads\/2024\/05\/Cavalese-768x399.jpg 768w, https:\/\/informaviaggi.noleggioauto.it\/wp-content\/uploads\/2024\/05\/Cavalese-370x192.jpg 370w, https:\/\/informaviaggi.noleggioauto.it\/wp-content\/uploads\/2024\/05\/Cavalese-570x296.jpg 570w, https:\/\/informaviaggi.noleggioauto.it\/wp-content\/uploads\/2024\/05\/Cavalese-770x400.jpg 770w\" data-sizes=\"(max-width: 1000px) 100vw, 1000px\" src=\"data:image\/svg+xml;base64,PHN2ZyB3aWR0aD0iMSIgaGVpZ2h0PSIxIiB4bWxucz0iaHR0cDovL3d3dy53My5vcmcvMjAwMC9zdmciPjwvc3ZnPg==\" style=\"--smush-placeholder-width: 1000px; --smush-placeholder-aspect-ratio: 1000\/519;\" \/><figcaption class=\"wp-element-caption\">Cavalese, centro amministrativo, culturale e storico della Val di Fiemme<\/figcaption><\/figure>\n\n\n\n<p>In mattinata possiamo goderci ancora un po\u2019 la tranquillit\u00e0 dei dintorni di Cavalese, percorrendo uno dei tanti sentieri che si snodano tra boschi e vallate incontaminate. Poco prima di pranzo facciamo nuovamente rotta su Trento, alfa e omega del nostro road trip.<\/p>\n\n\n\n<p>Una volta arrivati a Trento facciamo visita al MUSE &#8211; Museo della Scienza, un&#8217;istituzione moderna e interattiva che offre un viaggio attraverso la storia della scienza e della tecnologia. Qui possiamo ammirare tantissime esposizioni, interagire con gli esperimenti e scoprire i segreti della natura e dell&#8217;universo. \u00c8 una tappa d\u2019obbligo se siamo in viaggio con dei bimbi, si divertiranno tantissimo!<\/p>\n\n\n\n<p>Il tempo stringe, la partenza \u00e8 vicina. Ne approfittiamo per fare un giro per le strade del centro storico di Trento, passeggiando tra antichi portici, eleganti piazze e chiese piene di storia. \u00c8 d\u2019obbligo una sosta nella maestosa Piazza Duomo e, se vi avanza un po\u2019 di tempo, una visita al Palazzo Pretorio o al Castello del Buonconsiglio.<\/p>\n\n\n\n<figure class=\"wp-block-image size-full\"><img decoding=\"async\" width=\"1000\" height=\"519\" data-src=\"https:\/\/informaviaggi.noleggioauto.it\/wp-content\/uploads\/2024\/05\/Muse.jpg\" alt=\"\" class=\"wp-image-8537 lazyload\" data-srcset=\"https:\/\/informaviaggi.noleggioauto.it\/wp-content\/uploads\/2024\/05\/Muse.jpg 1000w, https:\/\/informaviaggi.noleggioauto.it\/wp-content\/uploads\/2024\/05\/Muse-800x415.jpg 800w, https:\/\/informaviaggi.noleggioauto.it\/wp-content\/uploads\/2024\/05\/Muse-300x156.jpg 300w, https:\/\/informaviaggi.noleggioauto.it\/wp-content\/uploads\/2024\/05\/Muse-768x399.jpg 768w, https:\/\/informaviaggi.noleggioauto.it\/wp-content\/uploads\/2024\/05\/Muse-370x192.jpg 370w, https:\/\/informaviaggi.noleggioauto.it\/wp-content\/uploads\/2024\/05\/Muse-570x296.jpg 570w, https:\/\/informaviaggi.noleggioauto.it\/wp-content\/uploads\/2024\/05\/Muse-770x400.jpg 770w\" data-sizes=\"(max-width: 1000px) 100vw, 1000px\" src=\"data:image\/svg+xml;base64,PHN2ZyB3aWR0aD0iMSIgaGVpZ2h0PSIxIiB4bWxucz0iaHR0cDovL3d3dy53My5vcmcvMjAwMC9zdmciPjwvc3ZnPg==\" style=\"--smush-placeholder-width: 1000px; --smush-placeholder-aspect-ratio: 1000\/519;\" \/><figcaption class=\"wp-element-caption\">Il MUSE &#8211; Museo della Scienza di Trento<\/figcaption><\/figure>\n\n\n\n<p>Concludiamo il nostro viaggio in Trentino con una cena d&#8217;addio, certamente amara per la tristezza di dover ripartire da un luogo tanto magico quanto accogliente. Sono stati 10 giorni indimenticabili che certamente porteremo nel cuore per sempre. In ogni caso, il Trentino ha ancora molto da offrire e siamo certi che dopo questo viaggio vorrete tornare presto a visitarlo.<\/p>\n\n\n\n<p>Non ci resta che augurarvi buon viaggio e\u2026 al prossimo road trip!<\/p>\n","protected":false},"excerpt":{"rendered":"<p>In questo road-trip di 10 giorni in Trentino Alto-Adige ci lasceremo alle spalle la routine quotidiana per immergerci nella natura pi\u00f9 incontaminata, tra strade&#8230;<\/p>\n","protected":false},"author":5,"featured_media":8580,"comment_status":"open","ping_status":"open","sticky":true,"template":"","format":"standard","meta":{"advanced_seo_description":"","jetpack_seo_html_title":"","jetpack_seo_noindex":false,"_jetpack_memberships_contains_paid_content":false,"footnotes":""},"categories":[4],"tags":[],"class_list":["post-8497","post","type-post","status-publish","format-standard","has-post-thumbnail","hentry","category-viaggi-in-auto","post-item","post-even"],"jetpack_featured_media_url":"https:\/\/informaviaggi.noleggioauto.it\/wp-content\/uploads\/2024\/05\/COPERTINA-TRENTINO-1.jpg","jetpack_sharing_enabled":true,"_links":{"self":[{"href":"https:\/\/www.noleggioauto.it\/informaviaggi\/wp-json\/wp\/v2\/posts\/8497","targetHints":{"allow":["GET"]}}],"collection":[{"href":"https:\/\/www.noleggioauto.it\/informaviaggi\/wp-json\/wp\/v2\/posts"}],"about":[{"href":"https:\/\/www.noleggioauto.it\/informaviaggi\/wp-json\/wp\/v2\/types\/post"}],"author":[{"embeddable":true,"href":"https:\/\/www.noleggioauto.it\/informaviaggi\/wp-json\/wp\/v2\/users\/5"}],"replies":[{"embeddable":true,"href":"https:\/\/www.noleggioauto.it\/informaviaggi\/wp-json\/wp\/v2\/comments?post=8497"}],"version-history":[{"count":30,"href":"https:\/\/www.noleggioauto.it\/informaviaggi\/wp-json\/wp\/v2\/posts\/8497\/revisions"}],"predecessor-version":[{"id":8630,"href":"https:\/\/www.noleggioauto.it\/informaviaggi\/wp-json\/wp\/v2\/posts\/8497\/revisions\/8630"}],"wp:featuredmedia":[{"embeddable":true,"href":"https:\/\/www.noleggioauto.it\/informaviaggi\/wp-json\/wp\/v2\/media\/8580"}],"wp:attachment":[{"href":"https:\/\/www.noleggioauto.it\/informaviaggi\/wp-json\/wp\/v2\/media?parent=8497"}],"wp:term":[{"taxonomy":"category","embeddable":true,"href":"https:\/\/www.noleggioauto.it\/informaviaggi\/wp-json\/wp\/v2\/categories?post=8497"},{"taxonomy":"post_tag","embeddable":true,"href":"https:\/\/www.noleggioauto.it\/informaviaggi\/wp-json\/wp\/v2\/tags?post=8497"}],"curies":[{"name":"wp","href":"https:\/\/api.w.org\/{rel}","templated":true}]}}